{"id":5694,"date":"2022-11-24T08:20:13","date_gmt":"2022-11-24T08:20:13","guid":{"rendered":"https:\/\/seelsorgeinschweiz.ch\/?p=5694"},"modified":"2023-01-02T06:48:30","modified_gmt":"2023-01-02T06:48:30","slug":"alphalive-in-zermatt","status":"publish","type":"post","link":"https:\/\/seelsorgeinschweiz.ch\/pl\/2022\/11\/24\/alphalive-in-zermatt\/","title":{"rendered":"Kurs Alfa w Zermatt"},"content":{"rendered":"\n<p>27 listopa\u00adda odby\u0142o si\u0119 ostat\u00adnie spotkanie kur\u00adsu Alfa, kt\u00f3ry po raz pier\u00adwszy przeprowad\u00adzono w parafii \u015bw. Mau\u00adrycego w Zer\u00admatt. Uczest\u00adni\u00adcy kur\u00adsu spo\u00adtykali si\u0119 w 10 niedziel\u00adnych wiec\u00adzor\u00f3w na jedze\u00adniu, filmie i roz\u00admowach. W kur\u00adsie uczest\u00adniczy\u0142o \u015bred\u00adnio ok. 25 os\u00f3b, kt\u00f3re mia\u0142y okazj\u0119 dzieli\u0107 si\u0119 ze sob\u0105 wiar\u0105 i \u017cyciem oraz budowa\u0107 wza\u00adjemne relacje.<\/p>\n\n\n\n<p>S\u0142owa podz\u00adi\u0119kowa\u00adnia nale\u017c\u0105 si\u0119 wszys\u00adtkim, kt\u00f3rzy przy\u00adczynili si\u0119 do zor\u00adga\u00adni\u00adzowa\u00adnia tego kur\u00adsu w naszej parafii: Cor\u00adnelii Pollinger, Ari\u00adan\u00adie Bell\u00adwald i Pirmi\u00adnowi Zur\u00adbriggen Jr., a tak\u017ce tym, kt\u00f3rzy towarzyszyli nam i wspier\u00adali nas swo\u00adj\u0105 pos\u0142ug\u0105 kuchen\u00adn\u0105 i mod\u00adl\u00aditw\u0105. M\u00f3wimy wszys\u00adtkim z ser\u00adca: B\u00f3g zap\u0142a\u0107!<\/p>\n\n\n\n<p><\/p>\n\n\n\n<h2 class=\"wp-block-heading\">Fotobericht<\/h2>\n\n\n\n<p><\/p>\n\n\n<style type=\"text\/css\">\n#foogallery-gallery-5782.fg-masonry .fg-item { width: 315px; }\n#foogallery-gallery-5782.fg-masonry { --fg-gutter: 10px; }<\/style>\n\t\t\t<div class=\"foogallery foogallery-container foogallery-masonry foogallery-lightbox-foobox fg-center fg-masonry fg-ready fg-light fg-border-thin fg-shadow-small fg-loading-pulse fg-loaded-fade-in fg-captions-bottom fg-hover-fade fg-hover-plus fg-fixed\" id=\"foogallery-gallery-5782\" data-foogallery=\"{&quot;item&quot;:{&quot;showCaptionTitle&quot;:true,&quot;showCaptionDescription&quot;:true},&quot;lazy&quot;:true,&quot;template&quot;:{&quot;columnWidth&quot;:315,&quot;gutter&quot;:10}}\" style=\"--fg-title-line-clamp: 0; --fg-description-line-clamp: 0;\">\n\t\t<div class=\"fg-item fg-type-image fg-idle\"><figure class=\"fg-item-inner\"><a href=\"https:\/\/seelsorgeinschweiz.ch\/wp-content\/uploads\/2022\/12\/IMG_20220911_190523.jpg\" data-attachment-id=\"5736\" data-type=\"image\" class=\"fg-thumb\"><span class=\"fg-image-wrap\"><img fetchpriority=\"high\" decoding=\"async\" width=\"315\" height=\"236\" class=\"skip-lazy fg-image\" data-src-fg=\"https:\/\/seelsorgeinschweiz.ch\/wp-content\/uploads\/cache\/2022\/12\/IMG_20220911_190523\/514049316.jpg\" src=\"data:image\/svg+xml,%3Csvg%20xmlns%3D%22http%3A%2F%2Fwww.w3.org%2F2000%2Fsvg%22%20width%3D%22315%22%20height%3D%22236%22%20viewBox%3D%220%200%20315%20236%22%3E%3C%2Fsvg%3E\" loading=\"eager\"><\/span><span class=\"fg-image-overlay\"><\/span><\/a><\/figure><div class=\"fg-loader\"><\/div><\/div><div class=\"fg-item fg-type-image fg-idle\"><figure class=\"fg-item-inner\"><a href=\"https:\/\/seelsorgeinschweiz.ch\/wp-content\/uploads\/2022\/12\/IMG_20220911_190953.jpg\" data-attachment-id=\"5737\" data-type=\"image\" class=\"fg-thumb\"><span class=\"fg-image-wrap\"><img decoding=\"async\" width=\"315\" height=\"420\" class=\"skip-lazy fg-image\" data-src-fg=\"https:\/\/seelsorgeinschweiz.ch\/wp-content\/uploads\/cache\/2022\/12\/IMG_20220911_190953\/3192853116.jpg\" src=\"data:image\/svg+xml,%3Csvg%20xmlns%3D%22http%3A%2F%2Fwww.w3.org%2F2000%2Fsvg%22%20width%3D%22315%22%20height%3D%22420%22%20viewBox%3D%220%200%20315%20420%22%3E%3C%2Fsvg%3E\" loading=\"eager\"><\/span><span class=\"fg-image-overlay\"><\/span><\/a><\/figure><div class=\"fg-loader\"><\/div><\/div><div class=\"fg-item fg-type-image fg-idle\"><figure class=\"fg-item-inner\"><a href=\"https:\/\/seelsorgeinschweiz.ch\/wp-content\/uploads\/2022\/12\/IMG_20220911_190959.jpg\" data-attachment-id=\"5738\" data-type=\"image\" class=\"fg-thumb\"><span class=\"fg-image-wrap\"><img decoding=\"async\" width=\"315\" height=\"420\" class=\"skip-lazy fg-image\" data-src-fg=\"https:\/\/seelsorgeinschweiz.ch\/wp-content\/uploads\/cache\/2022\/12\/IMG_20220911_190959\/406146455.jpg\" src=\"data:image\/svg+xml,%3Csvg%20xmlns%3D%22http%3A%2F%2Fwww.w3.org%2F2000%2Fsvg%22%20width%3D%22315%22%20height%3D%22420%22%20viewBox%3D%220%200%20315%20420%22%3E%3C%2Fsvg%3E\" loading=\"eager\"><\/span><span class=\"fg-image-overlay\"><\/span><\/a><\/figure><div class=\"fg-loader\"><\/div><\/div><div class=\"fg-item fg-type-image fg-idle\"><figure class=\"fg-item-inner\"><a href=\"https:\/\/seelsorgeinschweiz.ch\/wp-content\/uploads\/2022\/12\/IMG_20220911_192420.jpg\" data-attachment-id=\"5739\" data-type=\"image\" class=\"fg-thumb\"><span class=\"fg-image-wrap\"><img decoding=\"async\" width=\"315\" height=\"420\" class=\"skip-lazy fg-image\" data-src-fg=\"https:\/\/seelsorgeinschweiz.ch\/wp-content\/uploads\/cache\/2022\/12\/IMG_20220911_192420\/272126747.jpg\" src=\"data:image\/svg+xml,%3Csvg%20xmlns%3D%22http%3A%2F%2Fwww.w3.org%2F2000%2Fsvg%22%20width%3D%22315%22%20height%3D%22420%22%20viewBox%3D%220%200%20315%20420%22%3E%3C%2Fsvg%3E\" loading=\"eager\"><\/span><span class=\"fg-image-overlay\"><\/span><\/a><\/figure><div class=\"fg-loader\"><\/div><\/div><div class=\"fg-item fg-type-image fg-idle\"><figure class=\"fg-item-inner\"><a href=\"https:\/\/seelsorgeinschweiz.ch\/wp-content\/uploads\/2022\/12\/IMG_20220911_194140.jpg\" data-attachment-id=\"5740\" data-type=\"image\" class=\"fg-thumb\"><span class=\"fg-image-wrap\"><img decoding=\"async\" width=\"315\" height=\"420\" class=\"skip-lazy fg-image\" data-src-fg=\"https:\/\/seelsorgeinschweiz.ch\/wp-content\/uploads\/cache\/2022\/12\/IMG_20220911_194140\/3891496443.jpg\" src=\"data:image\/svg+xml,%3Csvg%20xmlns%3D%22http%3A%2F%2Fwww.w3.org%2F2000%2Fsvg%22%20width%3D%22315%22%20height%3D%22420%22%20viewBox%3D%220%200%20315%20420%22%3E%3C%2Fsvg%3E\" loading=\"eager\"><\/span><span class=\"fg-image-overlay\"><\/span><\/a><\/figure><div class=\"fg-loader\"><\/div><\/div><div class=\"fg-item fg-type-image fg-idle\"><figure class=\"fg-item-inner\"><a href=\"https:\/\/seelsorgeinschweiz.ch\/wp-content\/uploads\/2022\/12\/IMG_20220925_190620.jpg\" data-attachment-id=\"5741\" data-type=\"image\" class=\"fg-thumb\"><span class=\"fg-image-wrap\"><img decoding=\"async\" width=\"315\" height=\"236\" class=\"skip-lazy fg-image\" data-src-fg=\"https:\/\/seelsorgeinschweiz.ch\/wp-content\/uploads\/cache\/2022\/12\/IMG_20220925_190620\/3152617220.jpg\" src=\"data:image\/svg+xml,%3Csvg%20xmlns%3D%22http%3A%2F%2Fwww.w3.org%2F2000%2Fsvg%22%20width%3D%22315%22%20height%3D%22236%22%20viewBox%3D%220%200%20315%20236%22%3E%3C%2Fsvg%3E\" loading=\"eager\"><\/span><span class=\"fg-image-overlay\"><\/span><\/a><\/figure><div class=\"fg-loader\"><\/div><\/div><div class=\"fg-item fg-type-image fg-idle\"><figure class=\"fg-item-inner\"><a href=\"https:\/\/seelsorgeinschweiz.ch\/wp-content\/uploads\/2022\/12\/IMG_20220925_190642.jpg\" data-attachment-id=\"5742\" data-type=\"image\" class=\"fg-thumb\"><span class=\"fg-image-wrap\"><img decoding=\"async\" width=\"315\" height=\"420\" class=\"skip-lazy fg-image\" data-src-fg=\"https:\/\/seelsorgeinschweiz.ch\/wp-content\/uploads\/cache\/2022\/12\/IMG_20220925_190642\/846498195.jpg\" src=\"data:image\/svg+xml,%3Csvg%20xmlns%3D%22http%3A%2F%2Fwww.w3.org%2F2000%2Fsvg%22%20width%3D%22315%22%20height%3D%22420%22%20viewBox%3D%220%200%20315%20420%22%3E%3C%2Fsvg%3E\" loading=\"eager\"><\/span><span class=\"fg-image-overlay\"><\/span><\/a><\/figure><div class=\"fg-loader\"><\/div><\/div><div class=\"fg-item fg-type-image fg-idle\"><figure class=\"fg-item-inner\"><a href=\"https:\/\/seelsorgeinschweiz.ch\/wp-content\/uploads\/2022\/12\/IMG_20220925_190651.jpg\" data-attachment-id=\"5743\" data-type=\"image\" class=\"fg-thumb\"><span class=\"fg-image-wrap\"><img decoding=\"async\" width=\"315\" height=\"236\" class=\"skip-lazy fg-image\" data-src-fg=\"https:\/\/seelsorgeinschweiz.ch\/wp-content\/uploads\/cache\/2022\/12\/IMG_20220925_190651\/1966194732.jpg\" src=\"data:image\/svg+xml,%3Csvg%20xmlns%3D%22http%3A%2F%2Fwww.w3.org%2F2000%2Fsvg%22%20width%3D%22315%22%20height%3D%22236%22%20viewBox%3D%220%200%20315%20236%22%3E%3C%2Fsvg%3E\" loading=\"eager\"><\/span><span class=\"fg-image-overlay\"><\/span><\/a><\/figure><div class=\"fg-loader\"><\/div><\/div><div class=\"fg-item fg-type-image fg-idle\"><figure class=\"fg-item-inner\"><a href=\"https:\/\/seelsorgeinschweiz.ch\/wp-content\/uploads\/2022\/12\/IMG_20220925_193707.jpg\" data-attachment-id=\"5744\" data-type=\"image\" class=\"fg-thumb\"><span class=\"fg-image-wrap\"><img decoding=\"async\" width=\"315\" height=\"420\" class=\"skip-lazy fg-image\" data-src-fg=\"https:\/\/seelsorgeinschweiz.ch\/wp-content\/uploads\/cache\/2022\/12\/IMG_20220925_193707\/4218162501.jpg\" src=\"data:image\/svg+xml,%3Csvg%20xmlns%3D%22http%3A%2F%2Fwww.w3.org%2F2000%2Fsvg%22%20width%3D%22315%22%20height%3D%22420%22%20viewBox%3D%220%200%20315%20420%22%3E%3C%2Fsvg%3E\" loading=\"eager\"><\/span><span class=\"fg-image-overlay\"><\/span><\/a><\/figure><div class=\"fg-loader\"><\/div><\/div><div class=\"fg-item fg-type-image fg-idle\"><figure class=\"fg-item-inner\"><a href=\"https:\/\/seelsorgeinschweiz.ch\/wp-content\/uploads\/2022\/12\/IMG_20220925_193724.jpg\" data-attachment-id=\"5745\" data-type=\"image\" class=\"fg-thumb\"><span class=\"fg-image-wrap\"><img decoding=\"async\" width=\"315\" height=\"236\" class=\"skip-lazy fg-image\" data-src-fg=\"https:\/\/seelsorgeinschweiz.ch\/wp-content\/uploads\/cache\/2022\/12\/IMG_20220925_193724\/2242148415.jpg\" src=\"data:image\/svg+xml,%3Csvg%20xmlns%3D%22http%3A%2F%2Fwww.w3.org%2F2000%2Fsvg%22%20width%3D%22315%22%20height%3D%22236%22%20viewBox%3D%220%200%20315%20236%22%3E%3C%2Fsvg%3E\" loading=\"eager\"><\/span><span class=\"fg-image-overlay\"><\/span><\/a><\/figure><div class=\"fg-loader\"><\/div><\/div><div class=\"fg-item fg-type-image fg-idle\"><figure class=\"fg-item-inner\"><a href=\"https:\/\/seelsorgeinschweiz.ch\/wp-content\/uploads\/2022\/12\/IMG_20220925_193734.jpg\" data-attachment-id=\"5746\" data-type=\"image\" class=\"fg-thumb\"><span class=\"fg-image-wrap\"><img decoding=\"async\" width=\"315\" height=\"236\" class=\"skip-lazy fg-image\" data-src-fg=\"https:\/\/seelsorgeinschweiz.ch\/wp-content\/uploads\/cache\/2022\/12\/IMG_20220925_193734\/712868892.jpg\" src=\"data:image\/svg+xml,%3Csvg%20xmlns%3D%22http%3A%2F%2Fwww.w3.org%2F2000%2Fsvg%22%20width%3D%22315%22%20height%3D%22236%22%20viewBox%3D%220%200%20315%20236%22%3E%3C%2Fsvg%3E\" loading=\"eager\"><\/span><span class=\"fg-image-overlay\"><\/span><\/a><\/figure><div class=\"fg-loader\"><\/div><\/div><div class=\"fg-item fg-type-image fg-idle\"><figure class=\"fg-item-inner\"><a href=\"https:\/\/seelsorgeinschweiz.ch\/wp-content\/uploads\/2022\/12\/IMG_20220925_201346.jpg\" data-attachment-id=\"5747\" data-type=\"image\" class=\"fg-thumb\"><span class=\"fg-image-wrap\"><img decoding=\"async\" width=\"315\" height=\"420\" class=\"skip-lazy fg-image\" data-src-fg=\"https:\/\/seelsorgeinschweiz.ch\/wp-content\/uploads\/cache\/2022\/12\/IMG_20220925_201346\/2741828435.jpg\" src=\"data:image\/svg+xml,%3Csvg%20xmlns%3D%22http%3A%2F%2Fwww.w3.org%2F2000%2Fsvg%22%20width%3D%22315%22%20height%3D%22420%22%20viewBox%3D%220%200%20315%20420%22%3E%3C%2Fsvg%3E\" loading=\"eager\"><\/span><span class=\"fg-image-overlay\"><\/span><\/a><\/figure><div class=\"fg-loader\"><\/div><\/div><div class=\"fg-item fg-type-image fg-idle\"><figure class=\"fg-item-inner\"><a href=\"https:\/\/seelsorgeinschweiz.ch\/wp-content\/uploads\/2022\/12\/IMG_20220925_202029.jpg\" data-attachment-id=\"5748\" data-type=\"image\" class=\"fg-thumb\"><span class=\"fg-image-wrap\"><img decoding=\"async\" width=\"315\" height=\"420\" class=\"skip-lazy fg-image\" data-src-fg=\"https:\/\/seelsorgeinschweiz.ch\/wp-content\/uploads\/cache\/2022\/12\/IMG_20220925_202029\/1278807636.jpg\" src=\"data:image\/svg+xml,%3Csvg%20xmlns%3D%22http%3A%2F%2Fwww.w3.org%2F2000%2Fsvg%22%20width%3D%22315%22%20height%3D%22420%22%20viewBox%3D%220%200%20315%20420%22%3E%3C%2Fsvg%3E\" loading=\"eager\"><\/span><span class=\"fg-image-overlay\"><\/span><\/a><\/figure><div class=\"fg-loader\"><\/div><\/div><div class=\"fg-item fg-type-image fg-idle\"><figure class=\"fg-item-inner\"><a href=\"https:\/\/seelsorgeinschweiz.ch\/wp-content\/uploads\/2022\/12\/IMG_20221009_190832.jpg\" data-attachment-id=\"5749\" data-type=\"image\" class=\"fg-thumb\"><span class=\"fg-image-wrap\"><img decoding=\"async\" width=\"315\" height=\"420\" class=\"skip-lazy fg-image\" data-src-fg=\"https:\/\/seelsorgeinschweiz.ch\/wp-content\/uploads\/cache\/2022\/12\/IMG_20221009_190832\/4293938575.jpg\" src=\"data:image\/svg+xml,%3Csvg%20xmlns%3D%22http%3A%2F%2Fwww.w3.org%2F2000%2Fsvg%22%20width%3D%22315%22%20height%3D%22420%22%20viewBox%3D%220%200%20315%20420%22%3E%3C%2Fsvg%3E\" loading=\"eager\"><\/span><span class=\"fg-image-overlay\"><\/span><\/a><\/figure><div class=\"fg-loader\"><\/div><\/div><div class=\"fg-item fg-type-image fg-idle\"><figure class=\"fg-item-inner\"><a href=\"https:\/\/seelsorgeinschweiz.ch\/wp-content\/uploads\/2022\/12\/IMG_20221009_190841.jpg\" data-attachment-id=\"5750\" data-type=\"image\" class=\"fg-thumb\"><span class=\"fg-image-wrap\"><img decoding=\"async\" width=\"315\" height=\"420\" class=\"skip-lazy fg-image\" data-src-fg=\"https:\/\/seelsorgeinschweiz.ch\/wp-content\/uploads\/cache\/2022\/12\/IMG_20221009_190841\/88477352.jpg\" src=\"data:image\/svg+xml,%3Csvg%20xmlns%3D%22http%3A%2F%2Fwww.w3.org%2F2000%2Fsvg%22%20width%3D%22315%22%20height%3D%22420%22%20viewBox%3D%220%200%20315%20420%22%3E%3C%2Fsvg%3E\" loading=\"eager\"><\/span><span class=\"fg-image-overlay\"><\/span><\/a><\/figure><div class=\"fg-loader\"><\/div><\/div><div class=\"fg-item fg-type-image fg-idle\"><figure class=\"fg-item-inner\"><a href=\"https:\/\/seelsorgeinschweiz.ch\/wp-content\/uploads\/2022\/12\/IMG_20221009_190928.jpg\" data-attachment-id=\"5751\" data-type=\"image\" class=\"fg-thumb\"><span class=\"fg-image-wrap\"><img decoding=\"async\" width=\"315\" height=\"420\" class=\"skip-lazy fg-image\" data-src-fg=\"https:\/\/seelsorgeinschweiz.ch\/wp-content\/uploads\/cache\/2022\/12\/IMG_20221009_190928\/1482710312.jpg\" src=\"data:image\/svg+xml,%3Csvg%20xmlns%3D%22http%3A%2F%2Fwww.w3.org%2F2000%2Fsvg%22%20width%3D%22315%22%20height%3D%22420%22%20viewBox%3D%220%200%20315%20420%22%3E%3C%2Fsvg%3E\" loading=\"eager\"><\/span><span class=\"fg-image-overlay\"><\/span><\/a><\/figure><div class=\"fg-loader\"><\/div><\/div><div class=\"fg-item fg-type-image fg-idle\"><figure class=\"fg-item-inner\"><a href=\"https:\/\/seelsorgeinschweiz.ch\/wp-content\/uploads\/2022\/12\/IMG_20221009_190942.jpg\" data-attachment-id=\"5752\" data-type=\"image\" class=\"fg-thumb\"><span class=\"fg-image-wrap\"><img decoding=\"async\" width=\"315\" height=\"420\" class=\"skip-lazy fg-image\" data-src-fg=\"https:\/\/seelsorgeinschweiz.ch\/wp-content\/uploads\/cache\/2022\/12\/IMG_20221009_190942\/35180554.jpg\" src=\"data:image\/svg+xml,%3Csvg%20xmlns%3D%22http%3A%2F%2Fwww.w3.org%2F2000%2Fsvg%22%20width%3D%22315%22%20height%3D%22420%22%20viewBox%3D%220%200%20315%20420%22%3E%3C%2Fsvg%3E\" loading=\"eager\"><\/span><span class=\"fg-image-overlay\"><\/span><\/a><\/figure><div class=\"fg-loader\"><\/div><\/div><div class=\"fg-item fg-type-image fg-idle\"><figure class=\"fg-item-inner\"><a href=\"https:\/\/seelsorgeinschweiz.ch\/wp-content\/uploads\/2022\/12\/IMG_20221009_190953.jpg\" data-attachment-id=\"5753\" data-type=\"image\" class=\"fg-thumb\"><span class=\"fg-image-wrap\"><img decoding=\"async\" width=\"315\" height=\"420\" class=\"skip-lazy fg-image\" data-src-fg=\"https:\/\/seelsorgeinschweiz.ch\/wp-content\/uploads\/cache\/2022\/12\/IMG_20221009_190953\/125345480.jpg\" src=\"data:image\/svg+xml,%3Csvg%20xmlns%3D%22http%3A%2F%2Fwww.w3.org%2F2000%2Fsvg%22%20width%3D%22315%22%20height%3D%22420%22%20viewBox%3D%220%200%20315%20420%22%3E%3C%2Fsvg%3E\" loading=\"eager\"><\/span><span class=\"fg-image-overlay\"><\/span><\/a><\/figure><div class=\"fg-loader\"><\/div><\/div><div class=\"fg-item fg-type-image fg-idle\"><figure class=\"fg-item-inner\"><a href=\"https:\/\/seelsorgeinschweiz.ch\/wp-content\/uploads\/2022\/12\/IMG_20221009_210314.jpg\" data-attachment-id=\"5754\" data-type=\"image\" class=\"fg-thumb\"><span class=\"fg-image-wrap\"><img decoding=\"async\" width=\"315\" height=\"236\" class=\"skip-lazy fg-image\" data-src-fg=\"https:\/\/seelsorgeinschweiz.ch\/wp-content\/uploads\/cache\/2022\/12\/IMG_20221009_210314\/2284896442.jpg\" src=\"data:image\/svg+xml,%3Csvg%20xmlns%3D%22http%3A%2F%2Fwww.w3.org%2F2000%2Fsvg%22%20width%3D%22315%22%20height%3D%22236%22%20viewBox%3D%220%200%20315%20236%22%3E%3C%2Fsvg%3E\" loading=\"eager\"><\/span><span class=\"fg-image-overlay\"><\/span><\/a><\/figure><div class=\"fg-loader\"><\/div><\/div><div class=\"fg-item fg-type-image fg-idle\"><figure class=\"fg-item-inner\"><a href=\"https:\/\/seelsorgeinschweiz.ch\/wp-content\/uploads\/2022\/12\/IMG_20221022_113427.jpg\" data-attachment-id=\"5755\" data-type=\"image\" class=\"fg-thumb\"><span class=\"fg-image-wrap\"><img decoding=\"async\" width=\"315\" height=\"420\" class=\"skip-lazy fg-image\" data-src-fg=\"https:\/\/seelsorgeinschweiz.ch\/wp-content\/uploads\/cache\/2022\/12\/IMG_20221022_113427\/2116236200.jpg\" src=\"data:image\/svg+xml,%3Csvg%20xmlns%3D%22http%3A%2F%2Fwww.w3.org%2F2000%2Fsvg%22%20width%3D%22315%22%20height%3D%22420%22%20viewBox%3D%220%200%20315%20420%22%3E%3C%2Fsvg%3E\" loading=\"eager\"><\/span><span class=\"fg-image-overlay\"><\/span><\/a><\/figure><div class=\"fg-loader\"><\/div><\/div><div class=\"fg-item fg-type-image fg-idle\"><figure class=\"fg-item-inner\"><a href=\"https:\/\/seelsorgeinschweiz.ch\/wp-content\/uploads\/2022\/12\/IMG_20221022_113432.jpg\" data-attachment-id=\"5756\" data-type=\"image\" class=\"fg-thumb\"><span class=\"fg-image-wrap\"><img decoding=\"async\" width=\"315\" height=\"420\" class=\"skip-lazy fg-image\" data-src-fg=\"https:\/\/seelsorgeinschweiz.ch\/wp-content\/uploads\/cache\/2022\/12\/IMG_20221022_113432\/2568667631.jpg\" src=\"data:image\/svg+xml,%3Csvg%20xmlns%3D%22http%3A%2F%2Fwww.w3.org%2F2000%2Fsvg%22%20width%3D%22315%22%20height%3D%22420%22%20viewBox%3D%220%200%20315%20420%22%3E%3C%2Fsvg%3E\" loading=\"eager\"><\/span><span class=\"fg-image-overlay\"><\/span><\/a><\/figure><div class=\"fg-loader\"><\/div><\/div><div class=\"fg-item fg-type-image fg-idle\"><figure class=\"fg-item-inner\"><a href=\"https:\/\/seelsorgeinschweiz.ch\/wp-content\/uploads\/2022\/12\/IMG_20221022_135618.jpg\" data-attachment-id=\"5757\" data-type=\"image\" class=\"fg-thumb\"><span class=\"fg-image-wrap\"><img decoding=\"async\" width=\"315\" height=\"420\" class=\"skip-lazy fg-image\" data-src-fg=\"https:\/\/seelsorgeinschweiz.ch\/wp-content\/uploads\/cache\/2022\/12\/IMG_20221022_135618\/4175833951.jpg\" src=\"data:image\/svg+xml,%3Csvg%20xmlns%3D%22http%3A%2F%2Fwww.w3.org%2F2000%2Fsvg%22%20width%3D%22315%22%20height%3D%22420%22%20viewBox%3D%220%200%20315%20420%22%3E%3C%2Fsvg%3E\" loading=\"eager\"><\/span><span class=\"fg-image-overlay\"><\/span><\/a><\/figure><div class=\"fg-loader\"><\/div><\/div><div class=\"fg-item fg-type-image fg-idle\"><figure class=\"fg-item-inner\"><a href=\"https:\/\/seelsorgeinschweiz.ch\/wp-content\/uploads\/2022\/12\/IMG_20221022_135935.jpg\" data-attachment-id=\"5758\" data-type=\"image\" class=\"fg-thumb\"><span class=\"fg-image-wrap\"><img decoding=\"async\" width=\"315\" height=\"420\" class=\"skip-lazy fg-image\" data-src-fg=\"https:\/\/seelsorgeinschweiz.ch\/wp-content\/uploads\/cache\/2022\/12\/IMG_20221022_135935\/2342784678.jpg\" src=\"data:image\/svg+xml,%3Csvg%20xmlns%3D%22http%3A%2F%2Fwww.w3.org%2F2000%2Fsvg%22%20width%3D%22315%22%20height%3D%22420%22%20viewBox%3D%220%200%20315%20420%22%3E%3C%2Fsvg%3E\" loading=\"eager\"><\/span><span class=\"fg-image-overlay\"><\/span><\/a><\/figure><div class=\"fg-loader\"><\/div><\/div><div class=\"fg-item fg-type-image fg-idle\"><figure class=\"fg-item-inner\"><a href=\"https:\/\/seelsorgeinschweiz.ch\/wp-content\/uploads\/2022\/12\/IMG_20221022_140007.jpg\" data-attachment-id=\"5759\" data-type=\"image\" class=\"fg-thumb\"><span class=\"fg-image-wrap\"><img decoding=\"async\" width=\"315\" height=\"420\" class=\"skip-lazy fg-image\" data-src-fg=\"https:\/\/seelsorgeinschweiz.ch\/wp-content\/uploads\/cache\/2022\/12\/IMG_20221022_140007\/3613851910.jpg\" src=\"data:image\/svg+xml,%3Csvg%20xmlns%3D%22http%3A%2F%2Fwww.w3.org%2F2000%2Fsvg%22%20width%3D%22315%22%20height%3D%22420%22%20viewBox%3D%220%200%20315%20420%22%3E%3C%2Fsvg%3E\" loading=\"eager\"><\/span><span class=\"fg-image-overlay\"><\/span><\/a><\/figure><div class=\"fg-loader\"><\/div><\/div><div class=\"fg-item fg-type-image fg-idle\"><figure class=\"fg-item-inner\"><a href=\"https:\/\/seelsorgeinschweiz.ch\/wp-content\/uploads\/2022\/12\/IMG_20221022_140803.jpg\" data-attachment-id=\"5760\" data-type=\"image\" class=\"fg-thumb\"><span class=\"fg-image-wrap\"><img decoding=\"async\" width=\"315\" height=\"420\" class=\"skip-lazy fg-image\" data-src-fg=\"https:\/\/seelsorgeinschweiz.ch\/wp-content\/uploads\/cache\/2022\/12\/IMG_20221022_140803\/2424183066.jpg\" src=\"data:image\/svg+xml,%3Csvg%20xmlns%3D%22http%3A%2F%2Fwww.w3.org%2F2000%2Fsvg%22%20width%3D%22315%22%20height%3D%22420%22%20viewBox%3D%220%200%20315%20420%22%3E%3C%2Fsvg%3E\" loading=\"eager\"><\/span><span class=\"fg-image-overlay\"><\/span><\/a><\/figure><div class=\"fg-loader\"><\/div><\/div><div class=\"fg-item fg-type-image fg-idle\"><figure class=\"fg-item-inner\"><a href=\"https:\/\/seelsorgeinschweiz.ch\/wp-content\/uploads\/2022\/12\/IMG_20221022_140815.jpg\" data-attachment-id=\"5843\" data-type=\"image\" class=\"fg-thumb\"><span class=\"fg-image-wrap\"><img decoding=\"async\" width=\"315\" height=\"420\" class=\"skip-lazy fg-image\" data-src-fg=\"https:\/\/seelsorgeinschweiz.ch\/wp-content\/uploads\/cache\/2022\/12\/IMG_20221022_140815\/1751696208.jpg\" src=\"data:image\/svg+xml,%3Csvg%20xmlns%3D%22http%3A%2F%2Fwww.w3.org%2F2000%2Fsvg%22%20width%3D%22315%22%20height%3D%22420%22%20viewBox%3D%220%200%20315%20420%22%3E%3C%2Fsvg%3E\" loading=\"eager\"><\/span><span class=\"fg-image-overlay\"><\/span><\/a><\/figure><div class=\"fg-loader\"><\/div><\/div><div class=\"fg-item fg-type-image fg-idle\"><figure class=\"fg-item-inner\"><a href=\"https:\/\/seelsorgeinschweiz.ch\/wp-content\/uploads\/2022\/12\/IMG_20221106_190446.jpg\" data-attachment-id=\"5761\" data-type=\"image\" class=\"fg-thumb\"><span class=\"fg-image-wrap\"><img decoding=\"async\" width=\"315\" height=\"420\" class=\"skip-lazy fg-image\" data-src-fg=\"https:\/\/seelsorgeinschweiz.ch\/wp-content\/uploads\/cache\/2022\/12\/IMG_20221106_190446\/1428846158.jpg\" src=\"data:image\/svg+xml,%3Csvg%20xmlns%3D%22http%3A%2F%2Fwww.w3.org%2F2000%2Fsvg%22%20width%3D%22315%22%20height%3D%22420%22%20viewBox%3D%220%200%20315%20420%22%3E%3C%2Fsvg%3E\" loading=\"eager\"><\/span><span class=\"fg-image-overlay\"><\/span><\/a><\/figure><div class=\"fg-loader\"><\/div><\/div><div class=\"fg-item fg-type-image fg-idle\"><figure class=\"fg-item-inner\"><a href=\"https:\/\/seelsorgeinschweiz.ch\/wp-content\/uploads\/2022\/12\/IMG_20221127_190836.jpg\" data-attachment-id=\"5762\" data-type=\"image\" class=\"fg-thumb\"><span class=\"fg-image-wrap\"><img decoding=\"async\" width=\"315\" height=\"236\" class=\"skip-lazy fg-image\" data-src-fg=\"https:\/\/seelsorgeinschweiz.ch\/wp-content\/uploads\/cache\/2022\/12\/IMG_20221127_190836\/2911825378.jpg\" src=\"data:image\/svg+xml,%3Csvg%20xmlns%3D%22http%3A%2F%2Fwww.w3.org%2F2000%2Fsvg%22%20width%3D%22315%22%20height%3D%22236%22%20viewBox%3D%220%200%20315%20236%22%3E%3C%2Fsvg%3E\" loading=\"eager\"><\/span><span class=\"fg-image-overlay\"><\/span><\/a><\/figure><div class=\"fg-loader\"><\/div><\/div><div class=\"fg-item fg-type-image fg-idle\"><figure class=\"fg-item-inner\"><a href=\"https:\/\/seelsorgeinschweiz.ch\/wp-content\/uploads\/2022\/12\/IMG_20221127_190850.jpg\" data-attachment-id=\"5763\" data-type=\"image\" class=\"fg-thumb\"><span class=\"fg-image-wrap\"><img decoding=\"async\" width=\"315\" height=\"236\" class=\"skip-lazy fg-image\" data-src-fg=\"https:\/\/seelsorgeinschweiz.ch\/wp-content\/uploads\/cache\/2022\/12\/IMG_20221127_190850\/3326789616.jpg\" src=\"data:image\/svg+xml,%3Csvg%20xmlns%3D%22http%3A%2F%2Fwww.w3.org%2F2000%2Fsvg%22%20width%3D%22315%22%20height%3D%22236%22%20viewBox%3D%220%200%20315%20236%22%3E%3C%2Fsvg%3E\" loading=\"eager\"><\/span><span class=\"fg-image-overlay\"><\/span><\/a><\/figure><div class=\"fg-loader\"><\/div><\/div><div class=\"fg-item fg-type-image fg-idle\"><figure class=\"fg-item-inner\"><a href=\"https:\/\/seelsorgeinschweiz.ch\/wp-content\/uploads\/2022\/12\/IMG_20221127_190859.jpg\" data-attachment-id=\"5764\" data-type=\"image\" class=\"fg-thumb\"><span class=\"fg-image-wrap\"><img decoding=\"async\" width=\"315\" height=\"236\" class=\"skip-lazy fg-image\" data-src-fg=\"https:\/\/seelsorgeinschweiz.ch\/wp-content\/uploads\/cache\/2022\/12\/IMG_20221127_190859\/2910867525.jpg\" src=\"data:image\/svg+xml,%3Csvg%20xmlns%3D%22http%3A%2F%2Fwww.w3.org%2F2000%2Fsvg%22%20width%3D%22315%22%20height%3D%22236%22%20viewBox%3D%220%200%20315%20236%22%3E%3C%2Fsvg%3E\" loading=\"eager\"><\/span><span class=\"fg-image-overlay\"><\/span><\/a><\/figure><div class=\"fg-loader\"><\/div><\/div><div class=\"fg-item fg-type-image fg-idle\"><figure class=\"fg-item-inner\"><a href=\"https:\/\/seelsorgeinschweiz.ch\/wp-content\/uploads\/2022\/12\/IMG_20221127_190939.jpg\" data-attachment-id=\"5765\" data-type=\"image\" class=\"fg-thumb\"><span class=\"fg-image-wrap\"><img decoding=\"async\" width=\"315\" height=\"236\" class=\"skip-lazy fg-image\" data-src-fg=\"https:\/\/seelsorgeinschweiz.ch\/wp-content\/uploads\/cache\/2022\/12\/IMG_20221127_190939\/4025030894.jpg\" src=\"data:image\/svg+xml,%3Csvg%20xmlns%3D%22http%3A%2F%2Fwww.w3.org%2F2000%2Fsvg%22%20width%3D%22315%22%20height%3D%22236%22%20viewBox%3D%220%200%20315%20236%22%3E%3C%2Fsvg%3E\" loading=\"eager\"><\/span><span class=\"fg-image-overlay\"><\/span><\/a><\/figure><div class=\"fg-loader\"><\/div><\/div><div class=\"fg-item fg-type-image fg-idle\"><figure class=\"fg-item-inner\"><a href=\"https:\/\/seelsorgeinschweiz.ch\/wp-content\/uploads\/2022\/12\/IMG_20221127_191002.jpg\" data-attachment-id=\"5766\" data-type=\"image\" class=\"fg-thumb\"><span class=\"fg-image-wrap\"><img decoding=\"async\" width=\"315\" height=\"236\" class=\"skip-lazy fg-image\" data-src-fg=\"https:\/\/seelsorgeinschweiz.ch\/wp-content\/uploads\/cache\/2022\/12\/IMG_20221127_191002\/238494743.jpg\" src=\"data:image\/svg+xml,%3Csvg%20xmlns%3D%22http%3A%2F%2Fwww.w3.org%2F2000%2Fsvg%22%20width%3D%22315%22%20height%3D%22236%22%20viewBox%3D%220%200%20315%20236%22%3E%3C%2Fsvg%3E\" loading=\"eager\"><\/span><span class=\"fg-image-overlay\"><\/span><\/a><\/figure><div class=\"fg-loader\"><\/div><\/div><div class=\"fg-item fg-type-image fg-idle\"><figure class=\"fg-item-inner\"><a href=\"https:\/\/seelsorgeinschweiz.ch\/wp-content\/uploads\/2022\/12\/IMG_20221127_191113.jpg\" data-attachment-id=\"5767\" data-type=\"image\" class=\"fg-thumb\"><span class=\"fg-image-wrap\"><img decoding=\"async\" width=\"315\" height=\"420\" class=\"skip-lazy fg-image\" data-src-fg=\"https:\/\/seelsorgeinschweiz.ch\/wp-content\/uploads\/cache\/2022\/12\/IMG_20221127_191113\/3834970603.jpg\" src=\"data:image\/svg+xml,%3Csvg%20xmlns%3D%22http%3A%2F%2Fwww.w3.org%2F2000%2Fsvg%22%20width%3D%22315%22%20height%3D%22420%22%20viewBox%3D%220%200%20315%20420%22%3E%3C%2Fsvg%3E\" loading=\"eager\"><\/span><span class=\"fg-image-overlay\"><\/span><\/a><\/figure><div class=\"fg-loader\"><\/div><\/div><div class=\"fg-item fg-type-image fg-idle\"><figure class=\"fg-item-inner\"><a href=\"https:\/\/seelsorgeinschweiz.ch\/wp-content\/uploads\/2022\/12\/IMG_20221127_191118.jpg\" data-attachment-id=\"5768\" data-type=\"image\" class=\"fg-thumb\"><span class=\"fg-image-wrap\"><img decoding=\"async\" width=\"315\" height=\"420\" class=\"skip-lazy fg-image\" data-src-fg=\"https:\/\/seelsorgeinschweiz.ch\/wp-content\/uploads\/cache\/2022\/12\/IMG_20221127_191118\/2386910878.jpg\" src=\"data:image\/svg+xml,%3Csvg%20xmlns%3D%22http%3A%2F%2Fwww.w3.org%2F2000%2Fsvg%22%20width%3D%22315%22%20height%3D%22420%22%20viewBox%3D%220%200%20315%20420%22%3E%3C%2Fsvg%3E\" loading=\"eager\"><\/span><span class=\"fg-image-overlay\"><\/span><\/a><\/figure><div class=\"fg-loader\"><\/div><\/div><div class=\"fg-item fg-type-image fg-idle\"><figure class=\"fg-item-inner\"><a href=\"https:\/\/seelsorgeinschweiz.ch\/wp-content\/uploads\/2022\/12\/IMG_20221127_191125.jpg\" data-attachment-id=\"5769\" data-type=\"image\" class=\"fg-thumb\"><span class=\"fg-image-wrap\"><img decoding=\"async\" width=\"315\" height=\"420\" class=\"skip-lazy fg-image\" data-src-fg=\"https:\/\/seelsorgeinschweiz.ch\/wp-content\/uploads\/cache\/2022\/12\/IMG_20221127_191125\/4068224405.jpg\" src=\"data:image\/svg+xml,%3Csvg%20xmlns%3D%22http%3A%2F%2Fwww.w3.org%2F2000%2Fsvg%22%20width%3D%22315%22%20height%3D%22420%22%20viewBox%3D%220%200%20315%20420%22%3E%3C%2Fsvg%3E\" loading=\"eager\"><\/span><span class=\"fg-image-overlay\"><\/span><\/a><\/figure><div class=\"fg-loader\"><\/div><\/div><div class=\"fg-item fg-type-image fg-idle\"><figure class=\"fg-item-inner\"><a href=\"https:\/\/seelsorgeinschweiz.ch\/wp-content\/uploads\/2022\/12\/IMG_20221127_192944.jpg\" data-attachment-id=\"5770\" data-type=\"image\" class=\"fg-thumb\"><span class=\"fg-image-wrap\"><img decoding=\"async\" width=\"315\" height=\"236\" class=\"skip-lazy fg-image\" data-src-fg=\"https:\/\/seelsorgeinschweiz.ch\/wp-content\/uploads\/cache\/2022\/12\/IMG_20221127_192944\/3617676153.jpg\" src=\"data:image\/svg+xml,%3Csvg%20xmlns%3D%22http%3A%2F%2Fwww.w3.org%2F2000%2Fsvg%22%20width%3D%22315%22%20height%3D%22236%22%20viewBox%3D%220%200%20315%20236%22%3E%3C%2Fsvg%3E\" loading=\"eager\"><\/span><span class=\"fg-image-overlay\"><\/span><\/a><\/figure><div class=\"fg-loader\"><\/div><\/div><div class=\"fg-item fg-type-image fg-idle\"><figure class=\"fg-item-inner\"><a href=\"https:\/\/seelsorgeinschweiz.ch\/wp-content\/uploads\/2022\/12\/IMG_20221127_192952.jpg\" data-attachment-id=\"5771\" data-type=\"image\" class=\"fg-thumb\"><span class=\"fg-image-wrap\"><img decoding=\"async\" width=\"315\" height=\"236\" class=\"skip-lazy fg-image\" data-src-fg=\"https:\/\/seelsorgeinschweiz.ch\/wp-content\/uploads\/cache\/2022\/12\/IMG_20221127_192952\/3624148130.jpg\" src=\"data:image\/svg+xml,%3Csvg%20xmlns%3D%22http%3A%2F%2Fwww.w3.org%2F2000%2Fsvg%22%20width%3D%22315%22%20height%3D%22236%22%20viewBox%3D%220%200%20315%20236%22%3E%3C%2Fsvg%3E\" loading=\"eager\"><\/span><span class=\"fg-image-overlay\"><\/span><\/a><\/figure><div class=\"fg-loader\"><\/div><\/div><div class=\"fg-item fg-type-image fg-idle\"><figure class=\"fg-item-inner\"><a href=\"https:\/\/seelsorgeinschweiz.ch\/wp-content\/uploads\/2022\/12\/IMG_20221127_192959.jpg\" data-attachment-id=\"5772\" data-type=\"image\" class=\"fg-thumb\"><span class=\"fg-image-wrap\"><img decoding=\"async\" width=\"315\" height=\"236\" class=\"skip-lazy fg-image\" data-src-fg=\"https:\/\/seelsorgeinschweiz.ch\/wp-content\/uploads\/cache\/2022\/12\/IMG_20221127_192959\/1036839060.jpg\" src=\"data:image\/svg+xml,%3Csvg%20xmlns%3D%22http%3A%2F%2Fwww.w3.org%2F2000%2Fsvg%22%20width%3D%22315%22%20height%3D%22236%22%20viewBox%3D%220%200%20315%20236%22%3E%3C%2Fsvg%3E\" loading=\"eager\"><\/span><span class=\"fg-image-overlay\"><\/span><\/a><\/figure><div class=\"fg-loader\"><\/div><\/div><div class=\"fg-item fg-type-image fg-idle\"><figure class=\"fg-item-inner\"><a href=\"https:\/\/seelsorgeinschweiz.ch\/wp-content\/uploads\/2022\/12\/IMG_20221127_193023.jpg\" data-attachment-id=\"5773\" data-type=\"image\" class=\"fg-thumb\"><span class=\"fg-image-wrap\"><img decoding=\"async\" width=\"315\" height=\"236\" class=\"skip-lazy fg-image\" data-src-fg=\"https:\/\/seelsorgeinschweiz.ch\/wp-content\/uploads\/cache\/2022\/12\/IMG_20221127_193023\/726087552.jpg\" src=\"data:image\/svg+xml,%3Csvg%20xmlns%3D%22http%3A%2F%2Fwww.w3.org%2F2000%2Fsvg%22%20width%3D%22315%22%20height%3D%22236%22%20viewBox%3D%220%200%20315%20236%22%3E%3C%2Fsvg%3E\" loading=\"eager\"><\/span><span class=\"fg-image-overlay\"><\/span><\/a><\/figure><div class=\"fg-loader\"><\/div><\/div><div class=\"fg-item fg-type-image fg-idle\"><figure class=\"fg-item-inner\"><a href=\"https:\/\/seelsorgeinschweiz.ch\/wp-content\/uploads\/2022\/12\/IMG_20221127_193043.jpg\" data-attachment-id=\"5774\" data-type=\"image\" class=\"fg-thumb\"><span class=\"fg-image-wrap\"><img decoding=\"async\" width=\"315\" height=\"420\" class=\"skip-lazy fg-image\" data-src-fg=\"https:\/\/seelsorgeinschweiz.ch\/wp-content\/uploads\/cache\/2022\/12\/IMG_20221127_193043\/752403092.jpg\" src=\"data:image\/svg+xml,%3Csvg%20xmlns%3D%22http%3A%2F%2Fwww.w3.org%2F2000%2Fsvg%22%20width%3D%22315%22%20height%3D%22420%22%20viewBox%3D%220%200%20315%20420%22%3E%3C%2Fsvg%3E\" loading=\"eager\"><\/span><span class=\"fg-image-overlay\"><\/span><\/a><\/figure><div class=\"fg-loader\"><\/div><\/div><div class=\"fg-item fg-type-image fg-idle\"><figure class=\"fg-item-inner\"><a href=\"https:\/\/seelsorgeinschweiz.ch\/wp-content\/uploads\/2022\/12\/IMG_20221127_193056.jpg\" data-attachment-id=\"5775\" data-type=\"image\" class=\"fg-thumb\"><span class=\"fg-image-wrap\"><img decoding=\"async\" width=\"315\" height=\"420\" class=\"skip-lazy fg-image\" data-src-fg=\"https:\/\/seelsorgeinschweiz.ch\/wp-content\/uploads\/cache\/2022\/12\/IMG_20221127_193056\/2918351532.jpg\" src=\"data:image\/svg+xml,%3Csvg%20xmlns%3D%22http%3A%2F%2Fwww.w3.org%2F2000%2Fsvg%22%20width%3D%22315%22%20height%3D%22420%22%20viewBox%3D%220%200%20315%20420%22%3E%3C%2Fsvg%3E\" loading=\"eager\"><\/span><span class=\"fg-image-overlay\"><\/span><\/a><\/figure><div class=\"fg-loader\"><\/div><\/div><div class=\"fg-item fg-type-image fg-idle\"><figure class=\"fg-item-inner\"><a href=\"https:\/\/seelsorgeinschweiz.ch\/wp-content\/uploads\/2022\/12\/IMG_20221127_194129.jpg\" data-attachment-id=\"5776\" data-type=\"image\" class=\"fg-thumb\"><span class=\"fg-image-wrap\"><img decoding=\"async\" width=\"315\" height=\"420\" class=\"skip-lazy fg-image\" data-src-fg=\"https:\/\/seelsorgeinschweiz.ch\/wp-content\/uploads\/cache\/2022\/12\/IMG_20221127_194129\/1860725524.jpg\" src=\"data:image\/svg+xml,%3Csvg%20xmlns%3D%22http%3A%2F%2Fwww.w3.org%2F2000%2Fsvg%22%20width%3D%22315%22%20height%3D%22420%22%20viewBox%3D%220%200%20315%20420%22%3E%3C%2Fsvg%3E\" loading=\"eager\"><\/span><span class=\"fg-image-overlay\"><\/span><\/a><\/figure><div class=\"fg-loader\"><\/div><\/div><div class=\"fg-item fg-type-image fg-idle\"><figure class=\"fg-item-inner\"><a href=\"https:\/\/seelsorgeinschweiz.ch\/wp-content\/uploads\/2022\/12\/IMG_20221127_194141.jpg\" data-attachment-id=\"5777\" data-type=\"image\" class=\"fg-thumb\"><span class=\"fg-image-wrap\"><img decoding=\"async\" width=\"315\" height=\"236\" class=\"skip-lazy fg-image\" data-src-fg=\"https:\/\/seelsorgeinschweiz.ch\/wp-content\/uploads\/cache\/2022\/12\/IMG_20221127_194141\/279335732.jpg\" src=\"data:image\/svg+xml,%3Csvg%20xmlns%3D%22http%3A%2F%2Fwww.w3.org%2F2000%2Fsvg%22%20width%3D%22315%22%20height%3D%22236%22%20viewBox%3D%220%200%20315%20236%22%3E%3C%2Fsvg%3E\" loading=\"eager\"><\/span><span class=\"fg-image-overlay\"><\/span><\/a><\/figure><div class=\"fg-loader\"><\/div><\/div><div class=\"fg-item fg-type-image fg-idle\"><figure class=\"fg-item-inner\"><a href=\"https:\/\/seelsorgeinschweiz.ch\/wp-content\/uploads\/2022\/12\/IMG_20221127_194149.jpg\" data-attachment-id=\"5778\" data-type=\"image\" class=\"fg-thumb\"><span class=\"fg-image-wrap\"><img decoding=\"async\" width=\"315\" height=\"236\" class=\"skip-lazy fg-image\" data-src-fg=\"https:\/\/seelsorgeinschweiz.ch\/wp-content\/uploads\/cache\/2022\/12\/IMG_20221127_194149\/4109962146.jpg\" src=\"data:image\/svg+xml,%3Csvg%20xmlns%3D%22http%3A%2F%2Fwww.w3.org%2F2000%2Fsvg%22%20width%3D%22315%22%20height%3D%22236%22%20viewBox%3D%220%200%20315%20236%22%3E%3C%2Fsvg%3E\" loading=\"eager\"><\/span><span class=\"fg-image-overlay\"><\/span><\/a><\/figure><div class=\"fg-loader\"><\/div><\/div><div class=\"fg-item fg-type-image fg-idle\"><figure class=\"fg-item-inner\"><a href=\"https:\/\/seelsorgeinschweiz.ch\/wp-content\/uploads\/2022\/12\/IMG_20221127_194205.jpg\" data-attachment-id=\"5779\" data-type=\"image\" class=\"fg-thumb\"><span class=\"fg-image-wrap\"><img decoding=\"async\" width=\"315\" height=\"236\" class=\"skip-lazy fg-image\" data-src-fg=\"https:\/\/seelsorgeinschweiz.ch\/wp-content\/uploads\/cache\/2022\/12\/IMG_20221127_194205\/3409751805.jpg\" src=\"data:image\/svg+xml,%3Csvg%20xmlns%3D%22http%3A%2F%2Fwww.w3.org%2F2000%2Fsvg%22%20width%3D%22315%22%20height%3D%22236%22%20viewBox%3D%220%200%20315%20236%22%3E%3C%2Fsvg%3E\" loading=\"eager\"><\/span><span class=\"fg-image-overlay\"><\/span><\/a><\/figure><div class=\"fg-loader\"><\/div><\/div><div class=\"fg-item fg-type-image fg-idle\"><figure class=\"fg-item-inner\"><a href=\"https:\/\/seelsorgeinschweiz.ch\/wp-content\/uploads\/2022\/12\/IMG_20221127_201439.jpg\" data-attachment-id=\"5780\" data-type=\"image\" class=\"fg-thumb\"><span class=\"fg-image-wrap\"><img decoding=\"async\" width=\"315\" height=\"420\" class=\"skip-lazy fg-image\" data-src-fg=\"https:\/\/seelsorgeinschweiz.ch\/wp-content\/uploads\/cache\/2022\/12\/IMG_20221127_201439\/3337245630.jpg\" src=\"data:image\/svg+xml,%3Csvg%20xmlns%3D%22http%3A%2F%2Fwww.w3.org%2F2000%2Fsvg%22%20width%3D%22315%22%20height%3D%22420%22%20viewBox%3D%220%200%20315%20420%22%3E%3C%2Fsvg%3E\" loading=\"eager\"><\/span><span class=\"fg-image-overlay\"><\/span><\/a><\/figure><div class=\"fg-loader\"><\/div><\/div><div class=\"fg-item fg-type-image fg-idle\"><figure class=\"fg-item-inner\"><a href=\"https:\/\/seelsorgeinschweiz.ch\/wp-content\/uploads\/2022\/12\/IMG_20221202_174005.jpg\" data-attachment-id=\"5844\" data-type=\"image\" class=\"fg-thumb\"><span class=\"fg-image-wrap\"><img decoding=\"async\" width=\"315\" height=\"236\" class=\"skip-lazy fg-image\" data-src-fg=\"https:\/\/seelsorgeinschweiz.ch\/wp-content\/uploads\/cache\/2022\/12\/IMG_20221202_174005\/2358906799.jpg\" src=\"data:image\/svg+xml,%3Csvg%20xmlns%3D%22http%3A%2F%2Fwww.w3.org%2F2000%2Fsvg%22%20width%3D%22315%22%20height%3D%22236%22%20viewBox%3D%220%200%20315%20236%22%3E%3C%2Fsvg%3E\" loading=\"eager\"><\/span><span class=\"fg-image-overlay\"><\/span><\/a><\/figure><div class=\"fg-loader\"><\/div><\/div><div class=\"fg-item fg-type-image fg-idle\"><figure class=\"fg-item-inner\"><a href=\"https:\/\/seelsorgeinschweiz.ch\/wp-content\/uploads\/2022\/12\/IMG_20221202_174205.jpg\" data-attachment-id=\"5845\" data-type=\"image\" class=\"fg-thumb\"><span class=\"fg-image-wrap\"><img decoding=\"async\" width=\"315\" height=\"236\" class=\"skip-lazy fg-image\" data-src-fg=\"https:\/\/seelsorgeinschweiz.ch\/wp-content\/uploads\/cache\/2022\/12\/IMG_20221202_174205\/1457423757.jpg\" src=\"data:image\/svg+xml,%3Csvg%20xmlns%3D%22http%3A%2F%2Fwww.w3.org%2F2000%2Fsvg%22%20width%3D%22315%22%20height%3D%22236%22%20viewBox%3D%220%200%20315%20236%22%3E%3C%2Fsvg%3E\" loading=\"eager\"><\/span><span class=\"fg-image-overlay\"><\/span><\/a><\/figure><div class=\"fg-loader\"><\/div><\/div><div class=\"fg-item fg-type-image fg-idle\"><figure class=\"fg-item-inner\"><a href=\"https:\/\/seelsorgeinschweiz.ch\/wp-content\/uploads\/2022\/12\/IMG_20221202_174405.jpg\" data-attachment-id=\"5846\" data-type=\"image\" class=\"fg-thumb\"><span class=\"fg-image-wrap\"><img decoding=\"async\" width=\"315\" height=\"236\" class=\"skip-lazy fg-image\" data-src-fg=\"https:\/\/seelsorgeinschweiz.ch\/wp-content\/uploads\/cache\/2022\/12\/IMG_20221202_174405\/3814858154.jpg\" src=\"data:image\/svg+xml,%3Csvg%20xmlns%3D%22http%3A%2F%2Fwww.w3.org%2F2000%2Fsvg%22%20width%3D%22315%22%20height%3D%22236%22%20viewBox%3D%220%200%20315%20236%22%3E%3C%2Fsvg%3E\" loading=\"eager\"><\/span><span class=\"fg-image-overlay\"><\/span><\/a><\/figure><div class=\"fg-loader\"><\/div><\/div><div class=\"fg-item fg-type-image fg-idle\"><figure class=\"fg-item-inner\"><a href=\"https:\/\/seelsorgeinschweiz.ch\/wp-content\/uploads\/2022\/12\/IMG_20221202_174705.jpg\" data-attachment-id=\"5847\" data-type=\"image\" class=\"fg-thumb\"><span class=\"fg-image-wrap\"><img decoding=\"async\" width=\"315\" height=\"236\" class=\"skip-lazy fg-image\" data-src-fg=\"https:\/\/seelsorgeinschweiz.ch\/wp-content\/uploads\/cache\/2022\/12\/IMG_20221202_174705\/3605331126.jpg\" src=\"data:image\/svg+xml,%3Csvg%20xmlns%3D%22http%3A%2F%2Fwww.w3.org%2F2000%2Fsvg%22%20width%3D%22315%22%20height%3D%22236%22%20viewBox%3D%220%200%20315%20236%22%3E%3C%2Fsvg%3E\" loading=\"eager\"><\/span><span class=\"fg-image-overlay\"><\/span><\/a><\/figure><div class=\"fg-loader\"><\/div><\/div><div class=\"fg-item fg-type-image fg-idle\"><figure class=\"fg-item-inner\"><a href=\"https:\/\/seelsorgeinschweiz.ch\/wp-content\/uploads\/2022\/12\/IMG_20221202_175905.jpg\" data-attachment-id=\"5848\" data-type=\"image\" class=\"fg-thumb\"><span class=\"fg-image-wrap\"><img decoding=\"async\" width=\"315\" height=\"236\" class=\"skip-lazy fg-image\" data-src-fg=\"https:\/\/seelsorgeinschweiz.ch\/wp-content\/uploads\/cache\/2022\/12\/IMG_20221202_175905\/1041846502.jpg\" src=\"data:image\/svg+xml,%3Csvg%20xmlns%3D%22http%3A%2F%2Fwww.w3.org%2F2000%2Fsvg%22%20width%3D%22315%22%20height%3D%22236%22%20viewBox%3D%220%200%20315%20236%22%3E%3C%2Fsvg%3E\" loading=\"eager\"><\/span><span class=\"fg-image-overlay\"><\/span><\/a><\/figure><div class=\"fg-loader\"><\/div><\/div><\/div>","protected":false},"excerpt":{"rendered":"<p>27 listopa\u00adda odby\u0142o si\u0119 ostat\u00adnie spotkanie kur\u00adsu Alfa, kt\u00f3ry po raz pier\u00adwszy przeprowad\u00adzono w parafii \u015bw. Mau\u00adrycego w Zer\u00admatt. Uczest\u00adni\u00adcy kur\u00adsu spo\u00adtykali si\u0119 w 10 niedziel\u00adnych wiec\u00adzor\u00f3w na jedze\u00adniu, filmie i roz\u00admowach. W kur\u00adsie uczest\u00adniczy\u0142o \u015bred\u00adnio ok. 25 os\u00f3b, kt\u00f3re mia\u0142y okazj\u0119 dzieli\u0107 si\u0119 ze sob\u0105 wiar\u0105 i \u017cyciem oraz budowa\u0107 wza\u00adjemne relac\u00adje. S\u0142owa podzi\u0119kowania&nbsp;[\u2026]<\/p>\n","protected":false},"author":1,"featured_media":951,"comment_status":"open","ping_status":"open","sticky":false,"template":"","format":"standard","meta":{"_et_pb_use_builder":"","_et_pb_old_content":"","_et_gb_content_width":"","wp_typography_post_enhancements_disabled":false,"footnotes":"","_links_to":"","_links_to_target":""},"categories":[16,21],"tags":[],"class_list":["post-5694","post","type-post","status-publish","format-standard","has-post-thumbnail","hentry","category-aktualnosci","category-aktuelles"],"_links":{"self":[{"href":"https:\/\/seelsorgeinschweiz.ch\/pl\/wp-json\/wp\/v2\/posts\/5694","targetHints":{"allow":["GET"]}}],"collection":[{"href":"https:\/\/seelsorgeinschweiz.ch\/pl\/wp-json\/wp\/v2\/posts"}],"about":[{"href":"https:\/\/seelsorgeinschweiz.ch\/pl\/wp-json\/wp\/v2\/types\/post"}],"author":[{"embeddable":true,"href":"https:\/\/seelsorgeinschweiz.ch\/pl\/wp-json\/wp\/v2\/users\/1"}],"replies":[{"embeddable":true,"href":"https:\/\/seelsorgeinschweiz.ch\/pl\/wp-json\/wp\/v2\/comments?post=5694"}],"version-history":[{"count":3,"href":"https:\/\/seelsorgeinschweiz.ch\/pl\/wp-json\/wp\/v2\/posts\/5694\/revisions"}],"predecessor-version":[{"id":5786,"href":"https:\/\/seelsorgeinschweiz.ch\/pl\/wp-json\/wp\/v2\/posts\/5694\/revisions\/5786"}],"wp:featuredmedia":[{"embeddable":true,"href":"https:\/\/seelsorgeinschweiz.ch\/pl\/wp-json\/wp\/v2\/media\/951"}],"wp:attachment":[{"href":"https:\/\/seelsorgeinschweiz.ch\/pl\/wp-json\/wp\/v2\/media?parent=5694"}],"wp:term":[{"taxonomy":"category","embeddable":true,"href":"https:\/\/seelsorgeinschweiz.ch\/pl\/wp-json\/wp\/v2\/categories?post=5694"},{"taxonomy":"post_tag","embeddable":true,"href":"https:\/\/seelsorgeinschweiz.ch\/pl\/wp-json\/wp\/v2\/tags?post=5694"}],"curies":[{"name":"wp","href":"https:\/\/api.w.org\/{rel}","templated":true}]}}