{"id":150,"date":"2022-06-18T17:18:00","date_gmt":"2022-06-18T15:18:00","guid":{"rendered":"https:\/\/www.seelsorgeinschweiz.ch\/?p=150"},"modified":"2023-01-02T06:38:46","modified_gmt":"2023-01-02T06:38:46","slug":"fronleichnam-in-saas-fee","status":"publish","type":"post","link":"https:\/\/seelsorgeinschweiz.ch\/pl\/2022\/06\/18\/fronleichnam-in-saas-fee\/","title":{"rendered":"Uroczysto\u015b\u0107 Bo\u017cego Cia\u0142a w Saas&nbsp;Fee"},"content":{"rendered":"\n\nPo dw\u00f3ch lat\u00adach prz\u00ader\u00adwy spowodowanej pan\u00addemi\u0105 w tym roku powr\u00f3\u00adci\u0142y obchody Bo\u017cego Cia\u0142a po\u0142\u0105c\u00adzone z uroczysty\u00admi pro\u00adces\u00adja\u00admi. Przy okazji uroczys\u00adto\u015b\u00adci Bo\u017cego Cia\u0142a mieszka\u0144\u00adcy szwa\u00adj\u00adcarskiego kuror\u00adtu Saas Fee zwanego \u201cPer\u0142\u0105 Alp\u201d wspar\u00adli przez ofi\u00adary na tac\u0119 dzi\u00ada\u0142al\u00adno\u015b\u0107 Fun\u00addacji CORDARE.\n\n\n\n\n\nJu\u017c trady\u00adcyjnie uroczys\u00adto\u015b\u00adci te rozpocz\u0119\u0142y si\u0119 muzy\u00adczn\u0105 pobud\u00adk\u0105. Mieszka\u0144c\u00f3w wczes\u00adnym rankiem pow\u00adita\u0142y ako\u00adrdy grane przez cz\u0142onk\u00f3w tamte\u00adjszego Towarzyst\u00adwa Muzy\u00adcznego. O godzinie czwartej rano muzykan\u00adci zostali ugoszczeni kaw\u0105 na tarasie ple\u00adbanii i udali si\u0119 w marszowym ryt\u00admie w dal\u00adsz\u0105 tras\u0119 na tere\u00adnie parafii. Tym samym szlakiem pod\u0105\u017ca\u0142a te\u017c dru\u00adga gru\u00adpa muzy\u00adcz\u00adna, kt\u00f3ra dotar\u0142a na ple\u00adban\u00adi\u0119 na kaw\u0119 o godzinie sz\u00f3stej rano. Kole\u00adjn\u0105 grup\u0105, kt\u00f3ra przy\u00adby\u0142a na poran\u00adn\u0105 kaw\u0119 byli tzw. Her\u00adrgotts\u00adgrenadiere \u2013 Grenadierzy Pana Boga wyr\u00f3\u017c\u00adni\u00ada\u00adj\u0105\u00adcy si\u0119 bard\u00adzo bogaty\u00admi ory\u00adgi\u00adnal\u00adny\u00admi stro\u00adja\u00admi.\n\n\n\n\n\nPo uroczys\u00adtej Mszy \u015bw., kt\u00f3rej prze\u00adwod\u00adniczy\u0142 ks. dr hab. Robert Biel, odby\u0142a si\u0119 pro\u00adces\u00adja do czterech o\u0142tarzy. Uczest\u00adniczy\u0142o w niej wielu mieszka\u0144c\u00f3w w stro\u00adjach ludowych, orkiestry, pocz\u00adty sztan\u00addarowe, \u017co\u0142nierze i dzieci pier\u00adws\u00adzoko\u00admu\u00adni\u00adjne. Pro\u00adcesj\u0119 zako\u0144czy\u0142o b\u0142o\u00adgos\u0142aw\u00adie\u0144st\u00adwo oraz tzw. G\u00e4nse\u00admarsch \u2013 g\u0119si marsz.\n\n\n\n\n<h2 class=\"wp-block-heading\">Videomaterial<\/h2>\n\n\n\n\n<a href=\"https:\/\/www.youtube.com\/watch?v=nVJYSVxp0nc\" target=\"_blank\" rel=\"noreferrer noopener\">Fron\u00adle\u00adich\u00adnam in Saas Fee \u2014 Teil&nbsp;1<\/a>\n<a href=\"https:\/\/www.youtube.com\/watch?v=Fw-Ud7RJDDs\" target=\"_blank\" rel=\"noreferrer noopener\">Fron\u00adle\u00adich\u00adnam in Saas Fee \u2014 Teil&nbsp;2<\/a>\n<a href=\"https:\/\/www.youtube.com\/watch?v=8AMne0WQY2A\" target=\"_blank\" rel=\"noreferrer noopener\">Fron\u00adle\u00adich\u00adnam in Saas Fee \u2014 Teil&nbsp;3<\/a>\n<a href=\"https:\/\/www.youtube.com\/watch?v=4Vp5NZMixTg\" target=\"_blank\" rel=\"noreferrer noopener\">Fron\u00adle\u00adich\u00adnam in Saas Fee \u2014 Teil&nbsp;4<\/a>\n\n\n\n\n<h2 class=\"wp-block-heading\">Fotobericht<\/h2>\n\n\n<style type=\"text\/css\">\n#foogallery-gallery-1924.fg-masonry .fg-item { width: 315px; }\n#foogallery-gallery-1924.fg-masonry { --fg-gutter: 10px; }<\/style>\n\t\t\t<div class=\"foogallery foogallery-container foogallery-masonry foogallery-lightbox-foobox fg-center fg-masonry fg-ready fg-light fg-border-thin fg-shadow-small fg-loading-pulse fg-loaded-fade-in fg-captions-bottom fg-hover-fade fg-hover-plus fg-fixed\" id=\"foogallery-gallery-1924\" data-foogallery=\"{&quot;item&quot;:{&quot;showCaptionTitle&quot;:true,&quot;showCaptionDescription&quot;:true},&quot;lazy&quot;:true,&quot;template&quot;:{&quot;columnWidth&quot;:315,&quot;gutter&quot;:10}}\" style=\"--fg-title-line-clamp: 0; --fg-description-line-clamp: 0;\">\n\t\t<div class=\"fg-item fg-type-image fg-idle\"><figure class=\"fg-item-inner\"><a href=\"https:\/\/seelsorgeinschweiz.ch\/wp-content\/uploads\/2022\/08\/bc03.jpg\" data-attachment-id=\"1290\" data-type=\"image\" class=\"fg-thumb\"><span class=\"fg-image-wrap\"><img fetchpriority=\"high\" decoding=\"async\" width=\"315\" height=\"231\" class=\"skip-lazy fg-image\" data-src-fg=\"https:\/\/seelsorgeinschweiz.ch\/wp-content\/uploads\/cache\/2022\/08\/bc03\/134471772.jpg\" src=\"data:image\/svg+xml,%3Csvg%20xmlns%3D%22http%3A%2F%2Fwww.w3.org%2F2000%2Fsvg%22%20width%3D%22315%22%20height%3D%22231%22%20viewBox%3D%220%200%20315%20231%22%3E%3C%2Fsvg%3E\" loading=\"eager\"><\/span><span class=\"fg-image-overlay\"><\/span><\/a><\/figure><div class=\"fg-loader\"><\/div><\/div><div class=\"fg-item fg-type-image fg-idle\"><figure class=\"fg-item-inner\"><a href=\"https:\/\/seelsorgeinschweiz.ch\/wp-content\/uploads\/2022\/08\/bc01.jpg\" data-attachment-id=\"1288\" data-type=\"image\" class=\"fg-thumb\"><span class=\"fg-image-wrap\"><img decoding=\"async\" width=\"315\" height=\"321\" class=\"skip-lazy fg-image\" data-src-fg=\"https:\/\/seelsorgeinschweiz.ch\/wp-content\/uploads\/cache\/2022\/08\/bc01\/3986453208.jpg\" src=\"data:image\/svg+xml,%3Csvg%20xmlns%3D%22http%3A%2F%2Fwww.w3.org%2F2000%2Fsvg%22%20width%3D%22315%22%20height%3D%22321%22%20viewBox%3D%220%200%20315%20321%22%3E%3C%2Fsvg%3E\" loading=\"eager\"><\/span><span class=\"fg-image-overlay\"><\/span><\/a><\/figure><div class=\"fg-loader\"><\/div><\/div><div class=\"fg-item fg-type-image fg-idle\"><figure class=\"fg-item-inner\"><a href=\"https:\/\/seelsorgeinschweiz.ch\/wp-content\/uploads\/2022\/08\/bc02.jpg\" data-attachment-id=\"1289\" data-type=\"image\" class=\"fg-thumb\"><span class=\"fg-image-wrap\"><img decoding=\"async\" width=\"315\" height=\"272\" class=\"skip-lazy fg-image\" data-src-fg=\"https:\/\/seelsorgeinschweiz.ch\/wp-content\/uploads\/cache\/2022\/08\/bc02\/1913383687.jpg\" src=\"data:image\/svg+xml,%3Csvg%20xmlns%3D%22http%3A%2F%2Fwww.w3.org%2F2000%2Fsvg%22%20width%3D%22315%22%20height%3D%22272%22%20viewBox%3D%220%200%20315%20272%22%3E%3C%2Fsvg%3E\" loading=\"eager\"><\/span><span class=\"fg-image-overlay\"><\/span><\/a><\/figure><div class=\"fg-loader\"><\/div><\/div><div class=\"fg-item fg-type-image fg-idle\"><figure class=\"fg-item-inner\"><a href=\"https:\/\/seelsorgeinschweiz.ch\/wp-content\/uploads\/2022\/08\/bc05.jpg\" data-attachment-id=\"1292\" data-type=\"image\" class=\"fg-thumb\"><span class=\"fg-image-wrap\"><img decoding=\"async\" width=\"315\" height=\"420\" class=\"skip-lazy fg-image\" data-src-fg=\"https:\/\/seelsorgeinschweiz.ch\/wp-content\/uploads\/cache\/2022\/08\/bc05\/3965572515.jpg\" src=\"data:image\/svg+xml,%3Csvg%20xmlns%3D%22http%3A%2F%2Fwww.w3.org%2F2000%2Fsvg%22%20width%3D%22315%22%20height%3D%22420%22%20viewBox%3D%220%200%20315%20420%22%3E%3C%2Fsvg%3E\" loading=\"eager\"><\/span><span class=\"fg-image-overlay\"><\/span><\/a><\/figure><div class=\"fg-loader\"><\/div><\/div><div class=\"fg-item fg-type-image fg-idle\"><figure class=\"fg-item-inner\"><a href=\"https:\/\/seelsorgeinschweiz.ch\/wp-content\/uploads\/2022\/08\/bc04.jpg\" data-attachment-id=\"1291\" data-type=\"image\" class=\"fg-thumb\"><span class=\"fg-image-wrap\"><img decoding=\"async\" width=\"315\" height=\"254\" class=\"skip-lazy fg-image\" data-src-fg=\"https:\/\/seelsorgeinschweiz.ch\/wp-content\/uploads\/cache\/2022\/08\/bc04\/333346681.jpg\" src=\"data:image\/svg+xml,%3Csvg%20xmlns%3D%22http%3A%2F%2Fwww.w3.org%2F2000%2Fsvg%22%20width%3D%22315%22%20height%3D%22254%22%20viewBox%3D%220%200%20315%20254%22%3E%3C%2Fsvg%3E\" loading=\"eager\"><\/span><span class=\"fg-image-overlay\"><\/span><\/a><\/figure><div class=\"fg-loader\"><\/div><\/div><div class=\"fg-item fg-type-image fg-idle\"><figure class=\"fg-item-inner\"><a href=\"https:\/\/seelsorgeinschweiz.ch\/wp-content\/uploads\/2022\/08\/bc07.jpg\" data-attachment-id=\"1294\" data-type=\"image\" class=\"fg-thumb\"><span class=\"fg-image-wrap\"><img decoding=\"async\" width=\"315\" height=\"236\" class=\"skip-lazy fg-image\" data-src-fg=\"https:\/\/seelsorgeinschweiz.ch\/wp-content\/uploads\/cache\/2022\/08\/bc07\/3358299734.jpg\" src=\"data:image\/svg+xml,%3Csvg%20xmlns%3D%22http%3A%2F%2Fwww.w3.org%2F2000%2Fsvg%22%20width%3D%22315%22%20height%3D%22236%22%20viewBox%3D%220%200%20315%20236%22%3E%3C%2Fsvg%3E\" loading=\"eager\"><\/span><span class=\"fg-image-overlay\"><\/span><\/a><\/figure><div class=\"fg-loader\"><\/div><\/div><div class=\"fg-item fg-type-image fg-idle\"><figure class=\"fg-item-inner\"><a href=\"https:\/\/seelsorgeinschweiz.ch\/wp-content\/uploads\/2022\/08\/bc08.jpg\" data-attachment-id=\"1295\" data-type=\"image\" class=\"fg-thumb\"><span class=\"fg-image-wrap\"><img decoding=\"async\" width=\"315\" height=\"236\" class=\"skip-lazy fg-image\" data-src-fg=\"https:\/\/seelsorgeinschweiz.ch\/wp-content\/uploads\/cache\/2022\/08\/bc08\/1252038.jpg\" src=\"data:image\/svg+xml,%3Csvg%20xmlns%3D%22http%3A%2F%2Fwww.w3.org%2F2000%2Fsvg%22%20width%3D%22315%22%20height%3D%22236%22%20viewBox%3D%220%200%20315%20236%22%3E%3C%2Fsvg%3E\" loading=\"eager\"><\/span><span class=\"fg-image-overlay\"><\/span><\/a><\/figure><div class=\"fg-loader\"><\/div><\/div><div class=\"fg-item fg-type-image fg-idle\"><figure class=\"fg-item-inner\"><a href=\"https:\/\/seelsorgeinschweiz.ch\/wp-content\/uploads\/2022\/08\/bc09.jpg\" data-attachment-id=\"1296\" data-type=\"image\" class=\"fg-thumb\"><span class=\"fg-image-wrap\"><img decoding=\"async\" width=\"315\" height=\"236\" class=\"skip-lazy fg-image\" data-src-fg=\"https:\/\/seelsorgeinschweiz.ch\/wp-content\/uploads\/cache\/2022\/08\/bc09\/4287674396.jpg\" src=\"data:image\/svg+xml,%3Csvg%20xmlns%3D%22http%3A%2F%2Fwww.w3.org%2F2000%2Fsvg%22%20width%3D%22315%22%20height%3D%22236%22%20viewBox%3D%220%200%20315%20236%22%3E%3C%2Fsvg%3E\" loading=\"eager\"><\/span><span class=\"fg-image-overlay\"><\/span><\/a><\/figure><div class=\"fg-loader\"><\/div><\/div><div class=\"fg-item fg-type-image fg-idle\"><figure class=\"fg-item-inner\"><a href=\"https:\/\/seelsorgeinschweiz.ch\/wp-content\/uploads\/2022\/08\/bc10.jpg\" data-attachment-id=\"1297\" data-type=\"image\" class=\"fg-thumb\"><span class=\"fg-image-wrap\"><img decoding=\"async\" width=\"315\" height=\"420\" class=\"skip-lazy fg-image\" data-src-fg=\"https:\/\/seelsorgeinschweiz.ch\/wp-content\/uploads\/cache\/2022\/08\/bc10\/3871091016.jpg\" src=\"data:image\/svg+xml,%3Csvg%20xmlns%3D%22http%3A%2F%2Fwww.w3.org%2F2000%2Fsvg%22%20width%3D%22315%22%20height%3D%22420%22%20viewBox%3D%220%200%20315%20420%22%3E%3C%2Fsvg%3E\" loading=\"eager\"><\/span><span class=\"fg-image-overlay\"><\/span><\/a><\/figure><div class=\"fg-loader\"><\/div><\/div><div class=\"fg-item fg-type-image fg-idle\"><figure class=\"fg-item-inner\"><a href=\"https:\/\/seelsorgeinschweiz.ch\/wp-content\/uploads\/2022\/08\/bc12.jpg\" data-attachment-id=\"1299\" data-type=\"image\" class=\"fg-thumb\"><span class=\"fg-image-wrap\"><img decoding=\"async\" width=\"315\" height=\"420\" class=\"skip-lazy fg-image\" data-src-fg=\"https:\/\/seelsorgeinschweiz.ch\/wp-content\/uploads\/cache\/2022\/08\/bc12\/1242471261.jpg\" src=\"data:image\/svg+xml,%3Csvg%20xmlns%3D%22http%3A%2F%2Fwww.w3.org%2F2000%2Fsvg%22%20width%3D%22315%22%20height%3D%22420%22%20viewBox%3D%220%200%20315%20420%22%3E%3C%2Fsvg%3E\" loading=\"eager\"><\/span><span class=\"fg-image-overlay\"><\/span><\/a><\/figure><div class=\"fg-loader\"><\/div><\/div><div class=\"fg-item fg-type-image fg-idle\"><figure class=\"fg-item-inner\"><a href=\"https:\/\/seelsorgeinschweiz.ch\/wp-content\/uploads\/2022\/08\/bc13.jpg\" data-attachment-id=\"1300\" data-type=\"image\" class=\"fg-thumb\"><span class=\"fg-image-wrap\"><img decoding=\"async\" width=\"315\" height=\"420\" class=\"skip-lazy fg-image\" data-src-fg=\"https:\/\/seelsorgeinschweiz.ch\/wp-content\/uploads\/cache\/2022\/08\/bc13\/4106248235.jpg\" src=\"data:image\/svg+xml,%3Csvg%20xmlns%3D%22http%3A%2F%2Fwww.w3.org%2F2000%2Fsvg%22%20width%3D%22315%22%20height%3D%22420%22%20viewBox%3D%220%200%20315%20420%22%3E%3C%2Fsvg%3E\" loading=\"eager\"><\/span><span class=\"fg-image-overlay\"><\/span><\/a><\/figure><div class=\"fg-loader\"><\/div><\/div><div class=\"fg-item fg-type-image fg-idle\"><figure class=\"fg-item-inner\"><a href=\"https:\/\/seelsorgeinschweiz.ch\/wp-content\/uploads\/2022\/08\/bc14.jpg\" data-attachment-id=\"1301\" data-type=\"image\" class=\"fg-thumb\"><span class=\"fg-image-wrap\"><img decoding=\"async\" width=\"315\" height=\"236\" class=\"skip-lazy fg-image\" data-src-fg=\"https:\/\/seelsorgeinschweiz.ch\/wp-content\/uploads\/cache\/2022\/08\/bc14\/4011718414.jpg\" src=\"data:image\/svg+xml,%3Csvg%20xmlns%3D%22http%3A%2F%2Fwww.w3.org%2F2000%2Fsvg%22%20width%3D%22315%22%20height%3D%22236%22%20viewBox%3D%220%200%20315%20236%22%3E%3C%2Fsvg%3E\" loading=\"eager\"><\/span><span class=\"fg-image-overlay\"><\/span><\/a><\/figure><div class=\"fg-loader\"><\/div><\/div><div class=\"fg-item fg-type-image fg-idle\"><figure class=\"fg-item-inner\"><a href=\"https:\/\/seelsorgeinschweiz.ch\/wp-content\/uploads\/2022\/08\/bc15.jpg\" data-attachment-id=\"1302\" data-type=\"image\" class=\"fg-thumb\"><span class=\"fg-image-wrap\"><img decoding=\"async\" width=\"315\" height=\"420\" class=\"skip-lazy fg-image\" data-src-fg=\"https:\/\/seelsorgeinschweiz.ch\/wp-content\/uploads\/cache\/2022\/08\/bc15\/278812116.jpg\" src=\"data:image\/svg+xml,%3Csvg%20xmlns%3D%22http%3A%2F%2Fwww.w3.org%2F2000%2Fsvg%22%20width%3D%22315%22%20height%3D%22420%22%20viewBox%3D%220%200%20315%20420%22%3E%3C%2Fsvg%3E\" loading=\"eager\"><\/span><span class=\"fg-image-overlay\"><\/span><\/a><\/figure><div class=\"fg-loader\"><\/div><\/div><div class=\"fg-item fg-type-image fg-idle\"><figure class=\"fg-item-inner\"><a href=\"https:\/\/seelsorgeinschweiz.ch\/wp-content\/uploads\/2022\/08\/bc16.jpg\" data-attachment-id=\"1303\" data-type=\"image\" class=\"fg-thumb\"><span class=\"fg-image-wrap\"><img decoding=\"async\" width=\"315\" height=\"420\" class=\"skip-lazy fg-image\" data-src-fg=\"https:\/\/seelsorgeinschweiz.ch\/wp-content\/uploads\/cache\/2022\/08\/bc16\/2399783947.jpg\" src=\"data:image\/svg+xml,%3Csvg%20xmlns%3D%22http%3A%2F%2Fwww.w3.org%2F2000%2Fsvg%22%20width%3D%22315%22%20height%3D%22420%22%20viewBox%3D%220%200%20315%20420%22%3E%3C%2Fsvg%3E\" loading=\"eager\"><\/span><span class=\"fg-image-overlay\"><\/span><\/a><\/figure><div class=\"fg-loader\"><\/div><\/div><div class=\"fg-item fg-type-image fg-idle\"><figure class=\"fg-item-inner\"><a href=\"https:\/\/seelsorgeinschweiz.ch\/wp-content\/uploads\/2022\/08\/bc25.jpg\" data-attachment-id=\"1312\" data-type=\"image\" class=\"fg-thumb\"><span class=\"fg-image-wrap\"><img decoding=\"async\" width=\"315\" height=\"236\" class=\"skip-lazy fg-image\" data-src-fg=\"https:\/\/seelsorgeinschweiz.ch\/wp-content\/uploads\/cache\/2022\/08\/bc25\/107810056.jpg\" src=\"data:image\/svg+xml,%3Csvg%20xmlns%3D%22http%3A%2F%2Fwww.w3.org%2F2000%2Fsvg%22%20width%3D%22315%22%20height%3D%22236%22%20viewBox%3D%220%200%20315%20236%22%3E%3C%2Fsvg%3E\" loading=\"eager\"><\/span><span class=\"fg-image-overlay\"><\/span><\/a><\/figure><div class=\"fg-loader\"><\/div><\/div><div class=\"fg-item fg-type-image fg-idle\"><figure class=\"fg-item-inner\"><a href=\"https:\/\/seelsorgeinschweiz.ch\/wp-content\/uploads\/2022\/08\/bc19.jpg\" data-attachment-id=\"1306\" data-type=\"image\" class=\"fg-thumb\"><span class=\"fg-image-wrap\"><img decoding=\"async\" width=\"315\" height=\"236\" class=\"skip-lazy fg-image\" data-src-fg=\"https:\/\/seelsorgeinschweiz.ch\/wp-content\/uploads\/cache\/2022\/08\/bc19\/55785579.jpg\" src=\"data:image\/svg+xml,%3Csvg%20xmlns%3D%22http%3A%2F%2Fwww.w3.org%2F2000%2Fsvg%22%20width%3D%22315%22%20height%3D%22236%22%20viewBox%3D%220%200%20315%20236%22%3E%3C%2Fsvg%3E\" loading=\"eager\"><\/span><span class=\"fg-image-overlay\"><\/span><\/a><\/figure><div class=\"fg-loader\"><\/div><\/div><div class=\"fg-item fg-type-image fg-idle\"><figure class=\"fg-item-inner\"><a href=\"https:\/\/seelsorgeinschweiz.ch\/wp-content\/uploads\/2022\/08\/bc20.jpg\" data-attachment-id=\"1307\" data-type=\"image\" class=\"fg-thumb\"><span class=\"fg-image-wrap\"><img decoding=\"async\" width=\"315\" height=\"236\" class=\"skip-lazy fg-image\" data-src-fg=\"https:\/\/seelsorgeinschweiz.ch\/wp-content\/uploads\/cache\/2022\/08\/bc20\/881426873.jpg\" src=\"data:image\/svg+xml,%3Csvg%20xmlns%3D%22http%3A%2F%2Fwww.w3.org%2F2000%2Fsvg%22%20width%3D%22315%22%20height%3D%22236%22%20viewBox%3D%220%200%20315%20236%22%3E%3C%2Fsvg%3E\" loading=\"eager\"><\/span><span class=\"fg-image-overlay\"><\/span><\/a><\/figure><div class=\"fg-loader\"><\/div><\/div><div class=\"fg-item fg-type-image fg-idle\"><figure class=\"fg-item-inner\"><a href=\"https:\/\/seelsorgeinschweiz.ch\/wp-content\/uploads\/2022\/08\/bc21.jpg\" data-attachment-id=\"1308\" data-type=\"image\" class=\"fg-thumb\"><span class=\"fg-image-wrap\"><img decoding=\"async\" width=\"315\" height=\"420\" class=\"skip-lazy fg-image\" data-src-fg=\"https:\/\/seelsorgeinschweiz.ch\/wp-content\/uploads\/cache\/2022\/08\/bc21\/128756339.jpg\" src=\"data:image\/svg+xml,%3Csvg%20xmlns%3D%22http%3A%2F%2Fwww.w3.org%2F2000%2Fsvg%22%20width%3D%22315%22%20height%3D%22420%22%20viewBox%3D%220%200%20315%20420%22%3E%3C%2Fsvg%3E\" loading=\"eager\"><\/span><span class=\"fg-image-overlay\"><\/span><\/a><\/figure><div class=\"fg-loader\"><\/div><\/div><div class=\"fg-item fg-type-image fg-idle\"><figure class=\"fg-item-inner\"><a href=\"https:\/\/seelsorgeinschweiz.ch\/wp-content\/uploads\/2022\/08\/bc24.jpg\" data-attachment-id=\"1311\" data-type=\"image\" class=\"fg-thumb\"><span class=\"fg-image-wrap\"><img decoding=\"async\" width=\"315\" height=\"254\" class=\"skip-lazy fg-image\" data-src-fg=\"https:\/\/seelsorgeinschweiz.ch\/wp-content\/uploads\/cache\/2022\/08\/bc24\/4193169362.jpg\" src=\"data:image\/svg+xml,%3Csvg%20xmlns%3D%22http%3A%2F%2Fwww.w3.org%2F2000%2Fsvg%22%20width%3D%22315%22%20height%3D%22254%22%20viewBox%3D%220%200%20315%20254%22%3E%3C%2Fsvg%3E\" loading=\"eager\"><\/span><span class=\"fg-image-overlay\"><\/span><\/a><\/figure><div class=\"fg-loader\"><\/div><\/div><div class=\"fg-item fg-type-image fg-idle\"><figure class=\"fg-item-inner\"><a href=\"https:\/\/seelsorgeinschweiz.ch\/wp-content\/uploads\/2022\/08\/bc22.jpg\" data-attachment-id=\"1309\" data-type=\"image\" class=\"fg-thumb\"><span class=\"fg-image-wrap\"><img decoding=\"async\" width=\"315\" height=\"420\" class=\"skip-lazy fg-image\" data-src-fg=\"https:\/\/seelsorgeinschweiz.ch\/wp-content\/uploads\/cache\/2022\/08\/bc22\/2554016684.jpg\" src=\"data:image\/svg+xml,%3Csvg%20xmlns%3D%22http%3A%2F%2Fwww.w3.org%2F2000%2Fsvg%22%20width%3D%22315%22%20height%3D%22420%22%20viewBox%3D%220%200%20315%20420%22%3E%3C%2Fsvg%3E\" loading=\"eager\"><\/span><span class=\"fg-image-overlay\"><\/span><\/a><\/figure><div class=\"fg-loader\"><\/div><\/div><div class=\"fg-item fg-type-image fg-idle\"><figure class=\"fg-item-inner\"><a href=\"https:\/\/seelsorgeinschweiz.ch\/wp-content\/uploads\/2022\/08\/bc23.jpg\" data-attachment-id=\"1310\" data-type=\"image\" class=\"fg-thumb\"><span class=\"fg-image-wrap\"><img decoding=\"async\" width=\"315\" height=\"420\" class=\"skip-lazy fg-image\" data-src-fg=\"https:\/\/seelsorgeinschweiz.ch\/wp-content\/uploads\/cache\/2022\/08\/bc23\/3795007735.jpg\" src=\"data:image\/svg+xml,%3Csvg%20xmlns%3D%22http%3A%2F%2Fwww.w3.org%2F2000%2Fsvg%22%20width%3D%22315%22%20height%3D%22420%22%20viewBox%3D%220%200%20315%20420%22%3E%3C%2Fsvg%3E\" loading=\"eager\"><\/span><span class=\"fg-image-overlay\"><\/span><\/a><\/figure><div class=\"fg-loader\"><\/div><\/div><div class=\"fg-item fg-type-image fg-idle\"><figure class=\"fg-item-inner\"><a href=\"https:\/\/seelsorgeinschweiz.ch\/wp-content\/uploads\/2022\/08\/bc17.jpg\" data-attachment-id=\"1304\" data-type=\"image\" class=\"fg-thumb\"><span class=\"fg-image-wrap\"><img decoding=\"async\" width=\"315\" height=\"420\" class=\"skip-lazy fg-image\" data-src-fg=\"https:\/\/seelsorgeinschweiz.ch\/wp-content\/uploads\/cache\/2022\/08\/bc17\/887625249.jpg\" src=\"data:image\/svg+xml,%3Csvg%20xmlns%3D%22http%3A%2F%2Fwww.w3.org%2F2000%2Fsvg%22%20width%3D%22315%22%20height%3D%22420%22%20viewBox%3D%220%200%20315%20420%22%3E%3C%2Fsvg%3E\" loading=\"eager\"><\/span><span class=\"fg-image-overlay\"><\/span><\/a><\/figure><div class=\"fg-loader\"><\/div><\/div><div class=\"fg-item fg-type-image fg-idle\"><figure class=\"fg-item-inner\"><a href=\"https:\/\/seelsorgeinschweiz.ch\/wp-content\/uploads\/2022\/08\/bc18.jpg\" data-attachment-id=\"1305\" data-type=\"image\" class=\"fg-thumb\"><span class=\"fg-image-wrap\"><img decoding=\"async\" width=\"315\" height=\"420\" class=\"skip-lazy fg-image\" data-src-fg=\"https:\/\/seelsorgeinschweiz.ch\/wp-content\/uploads\/cache\/2022\/08\/bc18\/4241529521.jpg\" src=\"data:image\/svg+xml,%3Csvg%20xmlns%3D%22http%3A%2F%2Fwww.w3.org%2F2000%2Fsvg%22%20width%3D%22315%22%20height%3D%22420%22%20viewBox%3D%220%200%20315%20420%22%3E%3C%2Fsvg%3E\" loading=\"eager\"><\/span><span class=\"fg-image-overlay\"><\/span><\/a><\/figure><div class=\"fg-loader\"><\/div><\/div><div class=\"fg-item fg-type-image fg-idle\"><figure class=\"fg-item-inner\"><a href=\"https:\/\/seelsorgeinschweiz.ch\/wp-content\/uploads\/2022\/08\/bc26.jpg\" data-attachment-id=\"1313\" data-type=\"image\" class=\"fg-thumb\"><span class=\"fg-image-wrap\"><img decoding=\"async\" width=\"315\" height=\"232\" class=\"skip-lazy fg-image\" data-src-fg=\"https:\/\/seelsorgeinschweiz.ch\/wp-content\/uploads\/cache\/2022\/08\/bc26\/2583336151.jpg\" src=\"data:image\/svg+xml,%3Csvg%20xmlns%3D%22http%3A%2F%2Fwww.w3.org%2F2000%2Fsvg%22%20width%3D%22315%22%20height%3D%22232%22%20viewBox%3D%220%200%20315%20232%22%3E%3C%2Fsvg%3E\" loading=\"eager\"><\/span><span class=\"fg-image-overlay\"><\/span><\/a><\/figure><div class=\"fg-loader\"><\/div><\/div><div class=\"fg-item fg-type-image fg-idle\"><figure class=\"fg-item-inner\"><a href=\"https:\/\/seelsorgeinschweiz.ch\/wp-content\/uploads\/2022\/08\/bc27.jpg\" data-attachment-id=\"1314\" data-type=\"image\" class=\"fg-thumb\"><span class=\"fg-image-wrap\"><img decoding=\"async\" width=\"315\" height=\"236\" class=\"skip-lazy fg-image\" data-src-fg=\"https:\/\/seelsorgeinschweiz.ch\/wp-content\/uploads\/cache\/2022\/08\/bc27\/572215037.jpg\" src=\"data:image\/svg+xml,%3Csvg%20xmlns%3D%22http%3A%2F%2Fwww.w3.org%2F2000%2Fsvg%22%20width%3D%22315%22%20height%3D%22236%22%20viewBox%3D%220%200%20315%20236%22%3E%3C%2Fsvg%3E\" loading=\"eager\"><\/span><span class=\"fg-image-overlay\"><\/span><\/a><\/figure><div class=\"fg-loader\"><\/div><\/div><div class=\"fg-item fg-type-image fg-idle\"><figure class=\"fg-item-inner\"><a href=\"https:\/\/seelsorgeinschweiz.ch\/wp-content\/uploads\/2022\/08\/bc28.jpg\" data-attachment-id=\"1315\" data-type=\"image\" class=\"fg-thumb\"><span class=\"fg-image-wrap\"><img decoding=\"async\" width=\"315\" height=\"236\" class=\"skip-lazy fg-image\" data-src-fg=\"https:\/\/seelsorgeinschweiz.ch\/wp-content\/uploads\/cache\/2022\/08\/bc28\/3928212077.jpg\" src=\"data:image\/svg+xml,%3Csvg%20xmlns%3D%22http%3A%2F%2Fwww.w3.org%2F2000%2Fsvg%22%20width%3D%22315%22%20height%3D%22236%22%20viewBox%3D%220%200%20315%20236%22%3E%3C%2Fsvg%3E\" loading=\"eager\"><\/span><span class=\"fg-image-overlay\"><\/span><\/a><\/figure><div class=\"fg-loader\"><\/div><\/div><div class=\"fg-item fg-type-image fg-idle\"><figure class=\"fg-item-inner\"><a href=\"https:\/\/seelsorgeinschweiz.ch\/wp-content\/uploads\/2022\/08\/bc29.jpg\" data-attachment-id=\"1316\" data-type=\"image\" class=\"fg-thumb\"><span class=\"fg-image-wrap\"><img decoding=\"async\" width=\"315\" height=\"236\" class=\"skip-lazy fg-image\" data-src-fg=\"https:\/\/seelsorgeinschweiz.ch\/wp-content\/uploads\/cache\/2022\/08\/bc29\/362832055.jpg\" src=\"data:image\/svg+xml,%3Csvg%20xmlns%3D%22http%3A%2F%2Fwww.w3.org%2F2000%2Fsvg%22%20width%3D%22315%22%20height%3D%22236%22%20viewBox%3D%220%200%20315%20236%22%3E%3C%2Fsvg%3E\" loading=\"eager\"><\/span><span class=\"fg-image-overlay\"><\/span><\/a><\/figure><div class=\"fg-loader\"><\/div><\/div><div class=\"fg-item fg-type-image fg-idle\"><figure class=\"fg-item-inner\"><a href=\"https:\/\/seelsorgeinschweiz.ch\/wp-content\/uploads\/2022\/08\/bc06.jpg\" data-attachment-id=\"1293\" data-type=\"image\" class=\"fg-thumb\"><span class=\"fg-image-wrap\"><img decoding=\"async\" width=\"315\" height=\"420\" class=\"skip-lazy fg-image\" data-src-fg=\"https:\/\/seelsorgeinschweiz.ch\/wp-content\/uploads\/cache\/2022\/08\/bc06\/1942637692.jpg\" src=\"data:image\/svg+xml,%3Csvg%20xmlns%3D%22http%3A%2F%2Fwww.w3.org%2F2000%2Fsvg%22%20width%3D%22315%22%20height%3D%22420%22%20viewBox%3D%220%200%20315%20420%22%3E%3C%2Fsvg%3E\" loading=\"eager\"><\/span><span class=\"fg-image-overlay\"><\/span><\/a><\/figure><div class=\"fg-loader\"><\/div><\/div><div class=\"fg-item fg-type-image fg-idle\"><figure class=\"fg-item-inner\"><a href=\"https:\/\/seelsorgeinschweiz.ch\/wp-content\/uploads\/2022\/08\/bc11.jpg\" data-attachment-id=\"1298\" data-type=\"image\" class=\"fg-thumb\"><span class=\"fg-image-wrap\"><img decoding=\"async\" width=\"315\" height=\"420\" class=\"skip-lazy fg-image\" data-src-fg=\"https:\/\/seelsorgeinschweiz.ch\/wp-content\/uploads\/cache\/2022\/08\/bc11\/3583574658.jpg\" src=\"data:image\/svg+xml,%3Csvg%20xmlns%3D%22http%3A%2F%2Fwww.w3.org%2F2000%2Fsvg%22%20width%3D%22315%22%20height%3D%22420%22%20viewBox%3D%220%200%20315%20420%22%3E%3C%2Fsvg%3E\" loading=\"eager\"><\/span><span class=\"fg-image-overlay\"><\/span><\/a><\/figure><div class=\"fg-loader\"><\/div><\/div><div class=\"fg-item fg-type-image fg-idle\"><figure class=\"fg-item-inner\"><a href=\"https:\/\/seelsorgeinschweiz.ch\/wp-content\/uploads\/2022\/08\/bc30.jpg\" data-attachment-id=\"1317\" data-type=\"image\" class=\"fg-thumb\"><span class=\"fg-image-wrap\"><img decoding=\"async\" width=\"315\" height=\"236\" class=\"skip-lazy fg-image\" data-src-fg=\"https:\/\/seelsorgeinschweiz.ch\/wp-content\/uploads\/cache\/2022\/08\/bc30\/210563555.jpg\" src=\"data:image\/svg+xml,%3Csvg%20xmlns%3D%22http%3A%2F%2Fwww.w3.org%2F2000%2Fsvg%22%20width%3D%22315%22%20height%3D%22236%22%20viewBox%3D%220%200%20315%20236%22%3E%3C%2Fsvg%3E\" loading=\"eager\"><\/span><span class=\"fg-image-overlay\"><\/span><\/a><\/figure><div class=\"fg-loader\"><\/div><\/div><div class=\"fg-item fg-type-image fg-idle\"><figure class=\"fg-item-inner\"><a href=\"https:\/\/seelsorgeinschweiz.ch\/wp-content\/uploads\/2022\/08\/bc31.jpg\" data-attachment-id=\"1318\" data-type=\"image\" class=\"fg-thumb\"><span class=\"fg-image-wrap\"><img decoding=\"async\" width=\"315\" height=\"283\" class=\"skip-lazy fg-image\" data-src-fg=\"https:\/\/seelsorgeinschweiz.ch\/wp-content\/uploads\/cache\/2022\/08\/bc31\/1068096041.jpg\" src=\"data:image\/svg+xml,%3Csvg%20xmlns%3D%22http%3A%2F%2Fwww.w3.org%2F2000%2Fsvg%22%20width%3D%22315%22%20height%3D%22283%22%20viewBox%3D%220%200%20315%20283%22%3E%3C%2Fsvg%3E\" loading=\"eager\"><\/span><span class=\"fg-image-overlay\"><\/span><\/a><\/figure><div class=\"fg-loader\"><\/div><\/div><\/div>\n","protected":false},"excerpt":{"rendered":"<p>Po dw\u00f3ch lat\u00adach prz\u00ader\u00adwy spowodowanej pan\u00addemi\u0105 w tym roku powr\u00f3\u00adci\u0142y obchody Bo\u017cego Cia\u0142a po\u0142\u0105c\u00adzone z uroczysty\u00admi pro\u00adces\u00adja\u00admi. Przy okazji uroczys\u00adto\u015b\u00adci Bo\u017cego Cia\u0142a mieszka\u0144\u00adcy szwa\u00adj\u00adcarskiego kuror\u00adtu Saas Fee zwanego \u201cPer\u0142\u0105 Alp\u201d wspar\u00adli przez ofi\u00adary na tac\u0119 dzi\u00ada\u0142al\u00adno\u015b\u0107 Fun\u00addacji CORDARE. Ju\u017c trady\u00adcyjnie uroczys\u00adto\u015b\u00adci te rozpocz\u0119\u0142y si\u0119 muzy\u00adczn\u0105 pobud\u00adk\u0105. Mieszka\u0144c\u00f3w wczes\u00adnym rankiem pow\u00adita\u0142y ako\u00adrdy grane przez cz\u0142onk\u00f3w tamtejszego&nbsp;[\u2026]<\/p>\n","protected":false},"author":1,"featured_media":1289,"comment_status":"open","ping_status":"open","sticky":false,"template":"","format":"standard","meta":{"_et_pb_use_builder":"","_et_pb_old_content":"","_et_gb_content_width":"","wp_typography_post_enhancements_disabled":false,"footnotes":"","_links_to":"","_links_to_target":""},"categories":[16,21],"tags":[],"class_list":["post-150","post","type-post","status-publish","format-standard","has-post-thumbnail","hentry","category-aktualnosci","category-aktuelles"],"_links":{"self":[{"href":"https:\/\/seelsorgeinschweiz.ch\/pl\/wp-json\/wp\/v2\/posts\/150","targetHints":{"allow":["GET"]}}],"collection":[{"href":"https:\/\/seelsorgeinschweiz.ch\/pl\/wp-json\/wp\/v2\/posts"}],"about":[{"href":"https:\/\/seelsorgeinschweiz.ch\/pl\/wp-json\/wp\/v2\/types\/post"}],"author":[{"embeddable":true,"href":"https:\/\/seelsorgeinschweiz.ch\/pl\/wp-json\/wp\/v2\/users\/1"}],"replies":[{"embeddable":true,"href":"https:\/\/seelsorgeinschweiz.ch\/pl\/wp-json\/wp\/v2\/comments?post=150"}],"version-history":[{"count":1,"href":"https:\/\/seelsorgeinschweiz.ch\/pl\/wp-json\/wp\/v2\/posts\/150\/revisions"}],"predecessor-version":[{"id":5533,"href":"https:\/\/seelsorgeinschweiz.ch\/pl\/wp-json\/wp\/v2\/posts\/150\/revisions\/5533"}],"wp:featuredmedia":[{"embeddable":true,"href":"https:\/\/seelsorgeinschweiz.ch\/pl\/wp-json\/wp\/v2\/media\/1289"}],"wp:attachment":[{"href":"https:\/\/seelsorgeinschweiz.ch\/pl\/wp-json\/wp\/v2\/media?parent=150"}],"wp:term":[{"taxonomy":"category","embeddable":true,"href":"https:\/\/seelsorgeinschweiz.ch\/pl\/wp-json\/wp\/v2\/categories?post=150"},{"taxonomy":"post_tag","embeddable":true,"href":"https:\/\/seelsorgeinschweiz.ch\/pl\/wp-json\/wp\/v2\/tags?post=150"}],"curies":[{"name":"wp","href":"https:\/\/api.w.org\/{rel}","templated":true}]}}